{"id":1795,"date":"2015-03-02T18:28:53","date_gmt":"2015-03-02T17:28:53","guid":{"rendered":"https:\/\/holavegan.theblogpress.com\/?p=1795"},"modified":"2026-04-12T18:34:43","modified_gmt":"2026-04-12T21:34:43","slug":"pan-de-germen-de-trigo","status":"publish","type":"post","link":"https:\/\/holavegan.com\/en\/pan-de-germen-de-trigo\/","title":{"rendered":"Pan de Germen de Trigo"},"content":{"rendered":"<p><img fetchpriority=\"high\" decoding=\"async\" class=\"alignnone size-full wp-image-1796\" src=\"https:\/\/holaveganc1dev.wpenginepowered.com\/wp-content\/uploads\/2015\/03\/pangdetrigo01.jpg\" alt=\"Pan de Germen de Trigo\" width=\"680\" height=\"900\" \/> Este es un pan muy delicioso y especial, f\u00f3rmula de uno de mis panaderos m\u00e1s admirados (Dan Lepard) Su receta original lleva miel, pero yo la reemplac\u00e9 por extracto de malta, tambi\u00e9n se puede usar alg\u00fan sirope o melaza. Es un pan que lleva bastantes pasos, si bien, no hay que amasarlo demasiado, hay que ocuparse de varias cosas antes de amasar, cr\u00e9anme que vale la pena el esfuerzo. Es un pan h\u00famedo, muy arom\u00e1tico, muy nutritivo. Es ideal para comer as\u00ed o armarse unos ricos veggie sandwiches, no s\u00e9 si es el que m\u00e1s me gusta para comer tostado, es mucho m\u00e1s rico sin tostar, pero bueno, va bien tambi\u00e9n para tostadas. <img decoding=\"async\" class=\"alignnone size-full wp-image-1797\" src=\"https:\/\/holaveganc1dev.wpenginepowered.com\/wp-content\/uploads\/2015\/03\/pangdetrigo02.jpg\" alt=\"pangdetrigo02\" width=\"680\" height=\"900\" \/><\/p>\n<div id=\"recipe\"><\/div><div id=\"wprm-recipe-container-3988\" class=\"wprm-recipe-container\" data-recipe-id=\"3988\" data-servings=\"0\"><div class=\"wprm-recipe wprm-recipe-template-tinysalt-recipe\"><div class=\"wprm-recipe-template-ts-container\">\n    <div class=\"wprm-ts-top\">\n        <div class=\"wprm-ts-img\">\n            \n        <\/div>\n        \n        <div class=\"wprm-ts-buttons\">\n            <a href=\"https:\/\/holavegan.com\/en\/wprm_print\/pan-de-germen-de-trigo\" style=\"color: #ffffff;background-color: #ffffff;border-color: #ffffff;border-radius: 100px;padding: 0px 8px;\" class=\"wprm-recipe-print wprm-recipe-link wprm-print-recipe-shortcode wprm-block-text-bold wprm-recipe-print-inline-button wprm-recipe-link-inline-button wprm-color-accent\" data-recipe-id=\"3988\" data-template=\"\" target=\"_blank\" rel=\"nofollow\" aria-label=\"Print Recipe\"><span class=\"wprm-recipe-icon wprm-recipe-print-icon\"><svg xmlns=\"http:\/\/www.w3.org\/2000\/svg\" xmlns:xlink=\"http:\/\/www.w3.org\/1999\/xlink\" x=\"0px\" y=\"0px\" width=\"16px\" height=\"16px\" viewbox=\"0 0 24 24\"><g ><path fill=\"#000000\" d=\"M19,5.09V1c0-0.552-0.448-1-1-1H6C5.448,0,5,0.448,5,1v4.09C2.167,5.569,0,8.033,0,11v7c0,0.552,0.448,1,1,1h4v4c0,0.552,0.448,1,1,1h12c0.552,0,1-0.448,1-1v-4h4c0.552,0,1-0.448,1-1v-7C24,8.033,21.833,5.569,19,5.09z M7,2h10v3H7V2z M17,22H7v-9h10V22z M18,10c-0.552,0-1-0.448-1-1c0-0.552,0.448-1,1-1s1,0.448,1,1C19,9.552,18.552,10,18,10z\"\/><\/g><\/svg><\/span> <\/a>\n            \n        <\/div>\n    <\/div>\n    \n    <div class=\"wprm-ts-header\">   \n        \n        <h2 class=\"wprm-recipe-name wprm-block-text-bold\">Pan de Germen de Trigo<\/h2>\n        <div class=\"wprm-recipe-summary wprm-block-text-normal\">Sale 1 pan en molde peque\u00f1o (9 x24 cm)<\/div>\n    <\/div>\n    \n    <div class=\"wprm-ts-main-meta\">\n        \n        \n    <\/div>\n    \n    <div class=\"wprm-ts-equipment-ingredients\">\n        \n        <div id=\"recipe-3988-ingredients\" class=\"wprm-recipe-ingredients-container wprm-recipe-ingredients-no-images wprm-recipe-3988-ingredients-container wprm-block-text-normal wprm-ingredient-style-regular wprm-recipe-images-before\" data-recipe=\"3988\" data-servings=\"0\"><h3 class=\"wprm-recipe-header wprm-recipe-ingredients-header wprm-block-text-bold wprm-align-left wprm-header-decoration-none\" style=\"\">Ingredients<\/h3><div class=\"wprm-recipe-ingredient-group\"><ul class=\"wprm-recipe-ingredients\"><li class=\"wprm-recipe-ingredient\" style=\"list-style-type: disc;\" data-uid=\"-1\"><span class=\"wprm-recipe-ingredient-amount\">40<\/span>&#32;<span class=\"wprm-recipe-ingredient-name\">grs. de granos de trigo  y agua hasta cubrirlos<\/span>&#32;<span class=\"wprm-recipe-ingredient-notes wprm-recipe-ingredient-notes-faded\">yo us\u00e9 Kamut<\/span><\/li><li class=\"wprm-recipe-ingredient\" style=\"list-style-type: disc;\" data-uid=\"-1\"><span class=\"wprm-recipe-ingredient-amount\">100<\/span>&#32;<span class=\"wprm-recipe-ingredient-name\">grs. de germen de trigo<\/span><\/li><li class=\"wprm-recipe-ingredient\" style=\"list-style-type: disc;\" data-uid=\"-1\"><span class=\"wprm-recipe-ingredient-amount\">400<\/span>&#32;<span class=\"wprm-recipe-ingredient-name\">grs. de harina de fuerza<\/span>&#32;<span class=\"wprm-recipe-ingredient-notes wprm-recipe-ingredient-notes-faded\">000<\/span><\/li><li class=\"wprm-recipe-ingredient\" style=\"list-style-type: disc;\" data-uid=\"-1\"><span class=\"wprm-recipe-ingredient-amount\">3\/4<\/span>&#32;<span class=\"wprm-recipe-ingredient-name\">cdita. de sal marina<\/span><\/li><li class=\"wprm-recipe-ingredient\" style=\"list-style-type: disc;\" data-uid=\"-1\"><span class=\"wprm-recipe-ingredient-amount\">340<\/span>&#32;<span class=\"wprm-recipe-ingredient-unit\">ml<\/span>&#32;<span class=\"wprm-recipe-ingredient-name\">de agua a temperatura ambiente<\/span><\/li><li class=\"wprm-recipe-ingredient\" style=\"list-style-type: disc;\" data-uid=\"-1\"><span class=\"wprm-recipe-ingredient-amount\">60<\/span>&#32;<span class=\"wprm-recipe-ingredient-unit\">ml<\/span>&#32;<span class=\"wprm-recipe-ingredient-name\">de jugo de naranja a temperatura ambiente<\/span><\/li><li class=\"wprm-recipe-ingredient\" style=\"list-style-type: disc;\" data-uid=\"-1\"><span class=\"wprm-recipe-ingredient-amount\">1<\/span>&#32;<span class=\"wprm-recipe-ingredient-name\">cda. de extracto de malta<\/span><\/li><li class=\"wprm-recipe-ingredient\" style=\"list-style-type: disc;\" data-uid=\"-1\"><span class=\"wprm-recipe-ingredient-amount\">1 3\/4<\/span>&#32;<span class=\"wprm-recipe-ingredient-name\">cdita. de levadura fresca<\/span><\/li><\/ul><\/div><\/div>\n    <\/div>\n    \n    <div class=\"wprm-ts-instructions\">\n        <div id=\"recipe-3988-instructions\" class=\"wprm-recipe-instructions-container wprm-recipe-3988-instructions-container wprm-block-text-normal\" data-recipe=\"3988\"><h3 class=\"wprm-recipe-header wprm-recipe-instructions-header wprm-block-text-bold wprm-align-left wprm-header-decoration-none\" style=\"\">Instructions<\/h3><div class=\"wprm-recipe-instruction-group\"><ul class=\"wprm-recipe-instructions\"><li id=\"wprm-recipe-3988-step-0-0\" class=\"wprm-recipe-instruction\" style=\"list-style-type: decimal;\"><div class=\"wprm-recipe-instruction-text\" style=\"margin-bottom: 20px;\">Colocar los granos en una ollita, cubrirlos con el agua y cocinar durante 30 minutos, cuidando que siempre est\u00e9n cubiertos de agua.<\/div><\/li><li id=\"wprm-recipe-3988-step-0-1\" class=\"wprm-recipe-instruction\" style=\"list-style-type: decimal;\"><div class=\"wprm-recipe-instruction-text\" style=\"margin-bottom: 20px;\">Colocar el germen de trigo en una bandeja para horno y tostar en horno bajo por 12 minutos.<\/div><\/li><li id=\"wprm-recipe-3988-step-0-2\" class=\"wprm-recipe-instruction\" style=\"list-style-type: decimal;\"><div class=\"wprm-recipe-instruction-text\" style=\"margin-bottom: 20px;\">En un bol, mezclar la harina, la sal, y el germen de trigo tostado.<\/div><\/li><li id=\"wprm-recipe-3988-step-0-3\" class=\"wprm-recipe-instruction\" style=\"list-style-type: decimal;\"><div class=\"wprm-recipe-instruction-text\" style=\"margin-bottom: 20px;\">En otro bol, mezclar el agua, el jugo de naranja y el extracto de malta, luego disolver en esta mezcla, la levadura.<\/div><\/li><li id=\"wprm-recipe-3988-step-0-4\" class=\"wprm-recipe-instruction\" style=\"list-style-type: decimal;\"><div class=\"wprm-recipe-instruction-text\" style=\"margin-bottom: 20px;\">Incorporar el l\u00edquido al bol de la harina y mezclar con las manos. Una vez que est\u00e9 bien integrado, tapar el bol y dejar descansar por 5 minutos.<\/div><\/li><li id=\"wprm-recipe-3988-step-0-5\" class=\"wprm-recipe-instruction\" style=\"list-style-type: decimal;\"><div class=\"wprm-recipe-instruction-text\" style=\"margin-bottom: 20px;\">Sacar la masa del bol y amasar apenas 10 segundos, formar una bola y volver a dejar en el bol otros 5 minutos.<\/div><\/li><li id=\"wprm-recipe-3988-step-0-6\" class=\"wprm-recipe-instruction\" style=\"list-style-type: decimal;\"><div class=\"wprm-recipe-instruction-text\" style=\"margin-bottom: 20px;\">Repetir el amasado una vez mas, ahora dejar descansar 10 minutos.<\/div><\/li><li id=\"wprm-recipe-3988-step-0-7\" class=\"wprm-recipe-instruction\" style=\"list-style-type: decimal;\"><div class=\"wprm-recipe-instruction-text\" style=\"margin-bottom: 20px;\">Ahora, estirar la masa sobre mesada enharinada formando un rect\u00e1ngulo.<\/div><\/li><li id=\"wprm-recipe-3988-step-0-8\" class=\"wprm-recipe-instruction\" style=\"list-style-type: decimal;\"><div class=\"wprm-recipe-instruction-text\" style=\"margin-bottom: 20px;\">Enrollar la masa desde el extremo m\u00e1s lejano intentando que quede bien apretada.<\/div><\/li><li id=\"wprm-recipe-3988-step-0-9\" class=\"wprm-recipe-instruction\" style=\"list-style-type: decimal;\"><div class=\"wprm-recipe-instruction-text\" style=\"margin-bottom: 20px;\">Colocar el rollo con el dobladillo hacia abajo, en un molde aceitado.<\/div><\/li><li id=\"wprm-recipe-3988-step-0-10\" class=\"wprm-recipe-instruction\" style=\"list-style-type: decimal;\"><div class=\"wprm-recipe-instruction-text\" style=\"margin-bottom: 20px;\">Dejar fermentar hasta que la masa se asome un poco del molde.<\/div><\/li><li id=\"wprm-recipe-3988-step-0-11\" class=\"wprm-recipe-instruction\" style=\"list-style-type: decimal;\"><div class=\"wprm-recipe-instruction-text\" style=\"margin-bottom: 20px;\">Hacer unos cortes en la superficie con trincheta o cuchillo filoso para que gre\u00f1e.<\/div><\/li><li id=\"wprm-recipe-3988-step-0-12\" class=\"wprm-recipe-instruction\" style=\"list-style-type: decimal;\"><div class=\"wprm-recipe-instruction-text\" style=\"margin-bottom: 20px;\">Cocinar en horno precalentado a 200 \/ 220\u00baC durante 45 minutos.<\/div><\/li><li id=\"wprm-recipe-3988-step-0-13\" class=\"wprm-recipe-instruction\" style=\"list-style-type: decimal;\"><div class=\"wprm-recipe-instruction-text\" style=\"margin-bottom: 20px;\">Retirar del horno, esperar 10 minutos y desmoldar.<\/div><\/li><li id=\"wprm-recipe-3988-step-0-14\" class=\"wprm-recipe-instruction\" style=\"list-style-type: decimal;\"><div class=\"wprm-recipe-instruction-text\" style=\"margin-bottom: 20px;\">Dejar enfriar sobre rejilla.<\/div><\/li><\/ul><\/div><\/div>\n        <div id=\"recipe-video\"><\/div>\n    <\/div>\n    \n    <div id=\"recipe-3988-notes\" class=\"wprm-recipe-notes-container wprm-block-text-normal\"><h3 class=\"wprm-recipe-header wprm-recipe-notes-header wprm-block-text-bold wprm-align-left wprm-header-decoration-none\" style=\"\">Notes<\/h3><div class=\"wprm-recipe-notes\"><span style=\"display: block;\">Compartir y disfrutar!<\/span><\/div><\/div>\n    \n    <div class=\"wprm-ts-meta\">\n        \n        \n        \n        <div class=\"wprm-recipe-meta-container wprm-recipe-tags-container wprm-recipe-details-container wprm-recipe-details-container-inline wprm-block-text-normal\"><div class=\"wprm-recipe-block-container wprm-recipe-block-container-inline wprm-block-text-normal wprm-recipe-tag-container wprm-recipe-course-container\" style=\"\"><span class=\"wprm-recipe-icon wprm-recipe-tag-icon wprm-recipe-course-icon\"><svg xmlns=\"http:\/\/www.w3.org\/2000\/svg\" xmlns:xlink=\"http:\/\/www.w3.org\/1999\/xlink\" x=\"0px\" y=\"0px\" width=\"16px\" height=\"16px\" viewbox=\"0 0 24 24\"><g ><path fill=\"#333333\" d=\"M22.707,12.293l-11-11C11.52,1.106,11.265,1,11,1H2C1.448,1,1,1.448,1,2v9c0,0.265,0.105,0.52,0.293,0.707l11,11C12.488,22.903,12.744,23,13,23s0.512-0.098,0.707-0.293l9-9C23.098,13.317,23.098,12.684,22.707,12.293z M7,9C5.895,9,5,8.105,5,7c0-1.105,0.895-2,2-2s2,0.895,2,2C9,8.105,8.105,9,7,9z M13,17.414L8.586,13L10,11.586L14.414,16L13,17.414z M16,14.414L11.586,10L13,8.586L17.414,13L16,14.414z\"\/><\/g><\/svg><\/span> <span class=\"wprm-recipe-details-label wprm-block-text-bold wprm-recipe-tag-label wprm-recipe-course-label\">Plato: <\/span><span class=\"wprm-recipe-course wprm-block-text-normal\">Breakfast and snack<\/span><\/div><\/div>\n    <\/div>\n    \n    \n<\/div><\/div><\/div>","protected":false},"excerpt":{"rendered":"<p>Este es un pan muy delicioso y especial, f\u00f3rmula de uno de mis panaderos m\u00e1s admirados (Dan Lepard) Su receta original lleva miel, pero yo la reemplac\u00e9 por extracto de malta, tambi\u00e9n se puede usar alg\u00fan sirope o melaza. Es un pan que lleva bastantes pasos, si bien, no hay que amasarlo demasiado, hay que &#8230;<\/p>","protected":false},"author":3,"featured_media":14465,"comment_status":"open","ping_status":"open","sticky":false,"template":"","format":"standard","meta":{"wprm-recipe-roundup-name":"","wprm-recipe-roundup-description":"","loftocean_post_primary_category":0,"loftocean_post_format_gallery":"","loftocean_post_format_gallery_ids":"","loftocean_post_format_gallery_urls":"","loftocean_post_format_video_id":0,"loftocean_post_format_video_url":"","loftocean_post_format_video_type":"","loftocean_post_format_video":"","loftocean_post_format_audio_type":"","loftocean_post_format_audio_url":"","loftocean_post_format_audio_id":0,"loftocean_post_format_audio":"","loftocean-featured-post":"","loftocean-like-count":0,"loftocean-view-count":1251,"tinysalt_single_post_intro_label":"","tinysalt_single_post_intro_description":"","tinysalt_hide_post_featured_image":"","tinysalt_post_featured_media_position":"","tinysalt_single_site_header_source":"","tinysalt_single_custom_site_header":"0","tinysalt_single_custom_sticky_site_header":"0","tinysalt_single_custom_sticky_site_header_style":"sticky-scroll-up","tinysalt_single_site_footer_source":"","tinysalt_single_custom_site_footer":"0","footnotes":""},"categories":[5410,315],"tags":[],"class_list":["post-1795","post","type-post","status-publish","format-standard","has-post-thumbnail","hentry","category-desayuno-y-merienda","category-recetas"],"yoast_head":"<!-- This site is optimized with the Yoast SEO plugin v27.4 - https:\/\/yoast.com\/product\/yoast-seo-wordpress\/ -->\n<title>Pan de Germen de Trigo<\/title>\n<meta name=\"description\" content=\"Receta de Pan de Germen de Trigo y Jugo de naranjas\" \/>\n<meta name=\"robots\" content=\"noindex, follow, max-snippet:-1, max-image-preview:large, max-video-preview:-1\" \/>\n<meta property=\"og:locale\" content=\"en_US\" \/>\n<meta property=\"og:type\" content=\"article\" \/>\n<meta property=\"og:title\" content=\"Pan de Germen de Trigo\" \/>\n<meta property=\"og:description\" content=\"Receta de Pan de Germen de Trigo y Jugo de naranjas\" \/>\n<meta property=\"og:url\" content=\"https:\/\/holavegan.com\/en\/pan-de-germen-de-trigo\/\" \/>\n<meta property=\"og:site_name\" content=\"Hola Vegan\" \/>\n<meta property=\"article:published_time\" content=\"2015-03-02T17:28:53+00:00\" \/>\n<meta property=\"article:modified_time\" content=\"2026-04-12T21:34:43+00:00\" \/>\n<meta property=\"og:image\" content=\"https:\/\/holavegan.com\/wp-content\/uploads\/2026\/04\/pangdetrigo01.jpg\" \/>\n\t<meta property=\"og:image:width\" content=\"680\" \/>\n\t<meta property=\"og:image:height\" content=\"900\" \/>\n\t<meta property=\"og:image:type\" content=\"image\/jpeg\" \/>\n<meta name=\"author\" content=\"Lorena Raffaelli\" \/>\n<meta name=\"twitter:card\" content=\"summary_large_image\" \/>\n<meta name=\"twitter:label1\" content=\"Written by\" \/>\n\t<meta name=\"twitter:data1\" content=\"Lorena Raffaelli\" \/>\n\t<meta name=\"twitter:label2\" content=\"Est. reading time\" \/>\n\t<meta name=\"twitter:data2\" content=\"2 minutes\" \/>\n<script type=\"application\/ld+json\" class=\"yoast-schema-graph\">{\"@context\":\"https:\\\/\\\/schema.org\",\"@graph\":[{\"@type\":\"Article\",\"@id\":\"https:\\\/\\\/holavegan.com\\\/pan-de-germen-de-trigo\\\/#article\",\"isPartOf\":{\"@id\":\"https:\\\/\\\/holavegan.com\\\/pan-de-germen-de-trigo\\\/\"},\"author\":{\"name\":\"Lorena Raffaelli\",\"@id\":\"https:\\\/\\\/holavegan.com\\\/en\\\/#\\\/schema\\\/person\\\/3b0f0fb4cf09b4b866567fda2d1cacdb\"},\"headline\":\"Pan de Germen de Trigo\",\"datePublished\":\"2015-03-02T17:28:53+00:00\",\"dateModified\":\"2026-04-12T21:34:43+00:00\",\"mainEntityOfPage\":{\"@id\":\"https:\\\/\\\/holavegan.com\\\/pan-de-germen-de-trigo\\\/\"},\"wordCount\":410,\"commentCount\":4,\"publisher\":{\"@id\":\"https:\\\/\\\/holavegan.com\\\/en\\\/#organization\"},\"image\":{\"@id\":\"https:\\\/\\\/holavegan.com\\\/pan-de-germen-de-trigo\\\/#primaryimage\"},\"thumbnailUrl\":\"https:\\\/\\\/holavegan.com\\\/wp-content\\\/uploads\\\/2026\\\/04\\\/pangdetrigo01.jpg\",\"articleSection\":[\"Desayuno y merienda\",\"Recetas\"],\"inLanguage\":\"en-US\",\"potentialAction\":[{\"@type\":\"CommentAction\",\"name\":\"Comment\",\"target\":[\"https:\\\/\\\/holavegan.com\\\/pan-de-germen-de-trigo\\\/#respond\"]}]},{\"@type\":\"WebPage\",\"@id\":\"https:\\\/\\\/holavegan.com\\\/pan-de-germen-de-trigo\\\/\",\"url\":\"https:\\\/\\\/holavegan.com\\\/pan-de-germen-de-trigo\\\/\",\"name\":\"Pan de Germen de Trigo\",\"isPartOf\":{\"@id\":\"https:\\\/\\\/holavegan.com\\\/en\\\/#website\"},\"primaryImageOfPage\":{\"@id\":\"https:\\\/\\\/holavegan.com\\\/pan-de-germen-de-trigo\\\/#primaryimage\"},\"image\":{\"@id\":\"https:\\\/\\\/holavegan.com\\\/pan-de-germen-de-trigo\\\/#primaryimage\"},\"thumbnailUrl\":\"https:\\\/\\\/holavegan.com\\\/wp-content\\\/uploads\\\/2026\\\/04\\\/pangdetrigo01.jpg\",\"datePublished\":\"2015-03-02T17:28:53+00:00\",\"dateModified\":\"2026-04-12T21:34:43+00:00\",\"description\":\"Receta de Pan de Germen de Trigo y Jugo de naranjas\",\"breadcrumb\":{\"@id\":\"https:\\\/\\\/holavegan.com\\\/pan-de-germen-de-trigo\\\/#breadcrumb\"},\"inLanguage\":\"en-US\",\"potentialAction\":[{\"@type\":\"ReadAction\",\"target\":[\"https:\\\/\\\/holavegan.com\\\/pan-de-germen-de-trigo\\\/\"]}]},{\"@type\":\"ImageObject\",\"inLanguage\":\"en-US\",\"@id\":\"https:\\\/\\\/holavegan.com\\\/pan-de-germen-de-trigo\\\/#primaryimage\",\"url\":\"https:\\\/\\\/holavegan.com\\\/wp-content\\\/uploads\\\/2026\\\/04\\\/pangdetrigo01.jpg\",\"contentUrl\":\"https:\\\/\\\/holavegan.com\\\/wp-content\\\/uploads\\\/2026\\\/04\\\/pangdetrigo01.jpg\",\"width\":680,\"height\":900},{\"@type\":\"BreadcrumbList\",\"@id\":\"https:\\\/\\\/holavegan.com\\\/pan-de-germen-de-trigo\\\/#breadcrumb\",\"itemListElement\":[{\"@type\":\"ListItem\",\"position\":1,\"name\":\"Home\",\"item\":\"https:\\\/\\\/holavegan.com\\\/en\\\/\"},{\"@type\":\"ListItem\",\"position\":2,\"name\":\"Pan de Germen de Trigo\"}]},{\"@type\":\"WebSite\",\"@id\":\"https:\\\/\\\/holavegan.com\\\/en\\\/#website\",\"url\":\"https:\\\/\\\/holavegan.com\\\/en\\\/\",\"name\":\"Hola Vegan\",\"description\":\"Un blog de las Veganas Hermanas\",\"publisher\":{\"@id\":\"https:\\\/\\\/holavegan.com\\\/en\\\/#organization\"},\"potentialAction\":[{\"@type\":\"SearchAction\",\"target\":{\"@type\":\"EntryPoint\",\"urlTemplate\":\"https:\\\/\\\/holavegan.com\\\/en\\\/?s={search_term_string}\"},\"query-input\":{\"@type\":\"PropertyValueSpecification\",\"valueRequired\":true,\"valueName\":\"search_term_string\"}}],\"inLanguage\":\"en-US\"},{\"@type\":\"Organization\",\"@id\":\"https:\\\/\\\/holavegan.com\\\/en\\\/#organization\",\"name\":\"Hola Vegan\",\"url\":\"https:\\\/\\\/holavegan.com\\\/en\\\/\",\"logo\":{\"@type\":\"ImageObject\",\"inLanguage\":\"en-US\",\"@id\":\"https:\\\/\\\/holavegan.com\\\/en\\\/#\\\/schema\\\/logo\\\/image\\\/\",\"url\":\"https:\\\/\\\/holavegan.com\\\/wp-content\\\/uploads\\\/2023\\\/03\\\/cropped-logo-h@2x-1-2.png\",\"contentUrl\":\"https:\\\/\\\/holavegan.com\\\/wp-content\\\/uploads\\\/2023\\\/03\\\/cropped-logo-h@2x-1-2.png\",\"width\":700,\"height\":200,\"caption\":\"Hola Vegan\"},\"image\":{\"@id\":\"https:\\\/\\\/holavegan.com\\\/en\\\/#\\\/schema\\\/logo\\\/image\\\/\"}},{\"@type\":\"Person\",\"@id\":\"https:\\\/\\\/holavegan.com\\\/en\\\/#\\\/schema\\\/person\\\/3b0f0fb4cf09b4b866567fda2d1cacdb\",\"name\":\"Lorena Raffaelli\",\"image\":{\"@type\":\"ImageObject\",\"inLanguage\":\"en-US\",\"@id\":\"https:\\\/\\\/secure.gravatar.com\\\/avatar\\\/ee18332f8e8696acdf4d0b7d60cc235118ef1160dc148eb4e6b544feced36a75?s=96&d=mm&r=g\",\"url\":\"https:\\\/\\\/secure.gravatar.com\\\/avatar\\\/ee18332f8e8696acdf4d0b7d60cc235118ef1160dc148eb4e6b544feced36a75?s=96&d=mm&r=g\",\"contentUrl\":\"https:\\\/\\\/secure.gravatar.com\\\/avatar\\\/ee18332f8e8696acdf4d0b7d60cc235118ef1160dc148eb4e6b544feced36a75?s=96&d=mm&r=g\",\"caption\":\"Lorena Raffaelli\"},\"url\":\"https:\\\/\\\/holavegan.com\\\/en\\\/author\\\/lorenaraffaelli\\\/\"}]}<\/script>\n<!-- \/ Yoast SEO plugin. -->","yoast_head_json":{"title":"Pan de Germen de Trigo","description":"Receta de Pan de Germen de Trigo y Jugo de naranjas","robots":{"index":"noindex","follow":"follow","max-snippet":"max-snippet:-1","max-image-preview":"max-image-preview:large","max-video-preview":"max-video-preview:-1"},"og_locale":"en_US","og_type":"article","og_title":"Pan de Germen de Trigo","og_description":"Receta de Pan de Germen de Trigo y Jugo de naranjas","og_url":"https:\/\/holavegan.com\/en\/pan-de-germen-de-trigo\/","og_site_name":"Hola Vegan","article_published_time":"2015-03-02T17:28:53+00:00","article_modified_time":"2026-04-12T21:34:43+00:00","og_image":[{"width":680,"height":900,"url":"https:\/\/holavegan.com\/wp-content\/uploads\/2026\/04\/pangdetrigo01.jpg","type":"image\/jpeg"}],"author":"Lorena Raffaelli","twitter_card":"summary_large_image","twitter_misc":{"Written by":"Lorena Raffaelli","Est. reading time":"2 minutes"},"schema":{"@context":"https:\/\/schema.org","@graph":[{"@type":"Article","@id":"https:\/\/holavegan.com\/pan-de-germen-de-trigo\/#article","isPartOf":{"@id":"https:\/\/holavegan.com\/pan-de-germen-de-trigo\/"},"author":{"name":"Lorena Raffaelli","@id":"https:\/\/holavegan.com\/en\/#\/schema\/person\/3b0f0fb4cf09b4b866567fda2d1cacdb"},"headline":"Pan de Germen de Trigo","datePublished":"2015-03-02T17:28:53+00:00","dateModified":"2026-04-12T21:34:43+00:00","mainEntityOfPage":{"@id":"https:\/\/holavegan.com\/pan-de-germen-de-trigo\/"},"wordCount":410,"commentCount":4,"publisher":{"@id":"https:\/\/holavegan.com\/en\/#organization"},"image":{"@id":"https:\/\/holavegan.com\/pan-de-germen-de-trigo\/#primaryimage"},"thumbnailUrl":"https:\/\/holavegan.com\/wp-content\/uploads\/2026\/04\/pangdetrigo01.jpg","articleSection":["Desayuno y merienda","Recetas"],"inLanguage":"en-US","potentialAction":[{"@type":"CommentAction","name":"Comment","target":["https:\/\/holavegan.com\/pan-de-germen-de-trigo\/#respond"]}]},{"@type":"WebPage","@id":"https:\/\/holavegan.com\/pan-de-germen-de-trigo\/","url":"https:\/\/holavegan.com\/pan-de-germen-de-trigo\/","name":"Pan de Germen de Trigo","isPartOf":{"@id":"https:\/\/holavegan.com\/en\/#website"},"primaryImageOfPage":{"@id":"https:\/\/holavegan.com\/pan-de-germen-de-trigo\/#primaryimage"},"image":{"@id":"https:\/\/holavegan.com\/pan-de-germen-de-trigo\/#primaryimage"},"thumbnailUrl":"https:\/\/holavegan.com\/wp-content\/uploads\/2026\/04\/pangdetrigo01.jpg","datePublished":"2015-03-02T17:28:53+00:00","dateModified":"2026-04-12T21:34:43+00:00","description":"Receta de Pan de Germen de Trigo y Jugo de naranjas","breadcrumb":{"@id":"https:\/\/holavegan.com\/pan-de-germen-de-trigo\/#breadcrumb"},"inLanguage":"en-US","potentialAction":[{"@type":"ReadAction","target":["https:\/\/holavegan.com\/pan-de-germen-de-trigo\/"]}]},{"@type":"ImageObject","inLanguage":"en-US","@id":"https:\/\/holavegan.com\/pan-de-germen-de-trigo\/#primaryimage","url":"https:\/\/holavegan.com\/wp-content\/uploads\/2026\/04\/pangdetrigo01.jpg","contentUrl":"https:\/\/holavegan.com\/wp-content\/uploads\/2026\/04\/pangdetrigo01.jpg","width":680,"height":900},{"@type":"BreadcrumbList","@id":"https:\/\/holavegan.com\/pan-de-germen-de-trigo\/#breadcrumb","itemListElement":[{"@type":"ListItem","position":1,"name":"Home","item":"https:\/\/holavegan.com\/en\/"},{"@type":"ListItem","position":2,"name":"Pan de Germen de Trigo"}]},{"@type":"WebSite","@id":"https:\/\/holavegan.com\/en\/#website","url":"https:\/\/holavegan.com\/en\/","name":"Hello Vegan","description":"Un blog de las Veganas Hermanas","publisher":{"@id":"https:\/\/holavegan.com\/en\/#organization"},"potentialAction":[{"@type":"SearchAction","target":{"@type":"EntryPoint","urlTemplate":"https:\/\/holavegan.com\/en\/?s={search_term_string}"},"query-input":{"@type":"PropertyValueSpecification","valueRequired":true,"valueName":"search_term_string"}}],"inLanguage":"en-US"},{"@type":"Organization","@id":"https:\/\/holavegan.com\/en\/#organization","name":"Hello Vegan","url":"https:\/\/holavegan.com\/en\/","logo":{"@type":"ImageObject","inLanguage":"en-US","@id":"https:\/\/holavegan.com\/en\/#\/schema\/logo\/image\/","url":"https:\/\/holavegan.com\/wp-content\/uploads\/2023\/03\/cropped-logo-h@2x-1-2.png","contentUrl":"https:\/\/holavegan.com\/wp-content\/uploads\/2023\/03\/cropped-logo-h@2x-1-2.png","width":700,"height":200,"caption":"Hola Vegan"},"image":{"@id":"https:\/\/holavegan.com\/en\/#\/schema\/logo\/image\/"}},{"@type":"Person","@id":"https:\/\/holavegan.com\/en\/#\/schema\/person\/3b0f0fb4cf09b4b866567fda2d1cacdb","name":"Lorena Raffaelli","image":{"@type":"ImageObject","inLanguage":"en-US","@id":"https:\/\/secure.gravatar.com\/avatar\/ee18332f8e8696acdf4d0b7d60cc235118ef1160dc148eb4e6b544feced36a75?s=96&d=mm&r=g","url":"https:\/\/secure.gravatar.com\/avatar\/ee18332f8e8696acdf4d0b7d60cc235118ef1160dc148eb4e6b544feced36a75?s=96&d=mm&r=g","contentUrl":"https:\/\/secure.gravatar.com\/avatar\/ee18332f8e8696acdf4d0b7d60cc235118ef1160dc148eb4e6b544feced36a75?s=96&d=mm&r=g","caption":"Lorena Raffaelli"},"url":"https:\/\/holavegan.com\/en\/author\/lorenaraffaelli\/"}]}},"featured_image_src":"https:\/\/holavegan.com\/wp-content\/uploads\/2026\/04\/pangdetrigo01-600x400.jpg","featured_image_src_square":"https:\/\/holavegan.com\/wp-content\/uploads\/2026\/04\/pangdetrigo01-600x600.jpg","author_info":{"display_name":"Lorena Raffaelli","author_link":"https:\/\/holavegan.com\/en\/author\/lorenaraffaelli\/"},"_links":{"self":[{"href":"https:\/\/holavegan.com\/en\/wp-json\/wp\/v2\/posts\/1795","targetHints":{"allow":["GET"]}}],"collection":[{"href":"https:\/\/holavegan.com\/en\/wp-json\/wp\/v2\/posts"}],"about":[{"href":"https:\/\/holavegan.com\/en\/wp-json\/wp\/v2\/types\/post"}],"author":[{"embeddable":true,"href":"https:\/\/holavegan.com\/en\/wp-json\/wp\/v2\/users\/3"}],"replies":[{"embeddable":true,"href":"https:\/\/holavegan.com\/en\/wp-json\/wp\/v2\/comments?post=1795"}],"version-history":[{"count":0,"href":"https:\/\/holavegan.com\/en\/wp-json\/wp\/v2\/posts\/1795\/revisions"}],"wp:featuredmedia":[{"embeddable":true,"href":"https:\/\/holavegan.com\/en\/wp-json\/wp\/v2\/media\/14465"}],"wp:attachment":[{"href":"https:\/\/holavegan.com\/en\/wp-json\/wp\/v2\/media?parent=1795"}],"wp:term":[{"taxonomy":"category","embeddable":true,"href":"https:\/\/holavegan.com\/en\/wp-json\/wp\/v2\/categories?post=1795"},{"taxonomy":"post_tag","embeddable":true,"href":"https:\/\/holavegan.com\/en\/wp-json\/wp\/v2\/tags?post=1795"}],"curies":[{"name":"wp","href":"https:\/\/api.w.org\/{rel}","templated":true}]}}