{"id":3108,"date":"2019-01-17T12:28:32","date_gmt":"2019-01-17T15:28:32","guid":{"rendered":"https:\/\/holavegan.theblogpress.com\/?post_type=recipe&#038;p=3108"},"modified":"2026-04-13T06:16:15","modified_gmt":"2026-04-13T09:16:15","slug":"pascualina","status":"publish","type":"post","link":"https:\/\/holavegan.com\/en\/pascualina\/","title":{"rendered":"Pascualina"},"content":{"rendered":"<p><a href=\"https:\/\/holaveganc1dev.wpenginepowered.com\/wp-content\/uploads\/2019\/01\/1.jpg\"><img fetchpriority=\"high\" decoding=\"async\" class=\"aligncenter size-full wp-image-3110\" src=\"https:\/\/holaveganc1dev.wpenginepowered.com\/wp-content\/uploads\/2019\/01\/1.jpg\" alt=\"\" width=\"680\" height=\"900\" \/><\/a><\/p>\n<p>Esta cl\u00e1sica tarta de verduras oriunda de Italia, sol\u00eda prepararse en \u00e9pocas pascuales, dado que la religi\u00f3n cristiana proh\u00edbe comer carne los d\u00edas previos a Pascua. En su versi\u00f3n tradicional, es una tarta de masa mantecosa con relleno de verduras (hojas verdes, cebolla, ajo) queso y huevo. En casa se preparaba con espinaca o acelga y se le colocaban los huevos duros enteros en medio del relleno.<\/p>\n<p>Para esta versi\u00f3n vegana, reemplac\u00e9 los ingredientes de la masa cl\u00e1sica de Do\u00f1a Petrona, aunque ella la hac\u00eda doble masa (tipo hojaldre) y yo la hago simple. En el relleno sum\u00e9 el bagazo de la <a href=\"https:\/\/holaveganc1dev.wpenginepowered.com\/recipe\/leche-de-almendras\/\">leche de almendras<\/a> condimentado con levadura nutricional cl\u00e1sica y sabor queso, puse un poco de queso de papa (la receta la encontr\u00e1s en esta <a href=\"https:\/\/holaveganc1dev.wpenginepowered.com\/tarta-de-puerros-y-esparragos\/\">tarta de puerros y esp\u00e1rragos<\/a>) y, en lugar de huevo, agregu\u00e9 unas cucharadas de <a href=\"https:\/\/holaveganc1dev.wpenginepowered.com\/scrambled-tofu\/\">scrambled tofu<\/a>. Claro que, si se desea un sabor m\u00e1s suave o un relleno m\u00e1s abundante, se puede a\u00f1adir alguna ricota vegana, como el tofu que usamos para la <a href=\"https:\/\/holaveganc1dev.wpenginepowered.com\/recipe\/torta-no-ricota\/\">torta de no-ricota<\/a> -en versi\u00f3n salada- o esta otra <a href=\"https:\/\/holaveganc1dev.wpenginepowered.com\/recipe\/ricota-de-girasol\/\">de girasol<\/a>. Tambi\u00e9n pod\u00e9s usar en vez de queso de papa, cualquier otro tipo de queso que te guste (ac\u00e1 tenemos este <a href=\"https:\/\/holaveganc1dev.wpenginepowered.com\/recipe\/doble-queso\/\">de caj\u00fa<\/a> que es espectacular). Y tambi\u00e9n se puede omitir la versi\u00f3n vegana del huevo.<\/p>\n<p>Para una versi\u00f3n m\u00e1s gourmet, algo que le sienta de diez a la tarta de verduras, son los hongos (setas). Unos champignones o portobellos fileteados y salteados con un poco de oliva. Y, si te anim\u00e1s, algunas aceitunas verdes o negras, tambi\u00e9n.<\/p>\n<p>A ver si alguien tiene alguna otra versi\u00f3n de pascualina y se anima a dejar su ingrediente particular en un comentario!!!<\/p>\n<p><a href=\"https:\/\/holaveganc1dev.wpenginepowered.com\/wp-content\/uploads\/2019\/01\/2.jpg\"><img decoding=\"async\" class=\"aligncenter size-full wp-image-3111\" src=\"https:\/\/holaveganc1dev.wpenginepowered.com\/wp-content\/uploads\/2019\/01\/2.jpg\" alt=\"\" width=\"680\" height=\"900\" \/><\/a><\/p>\n<div id=\"recipe\"><\/div><div id=\"wprm-recipe-container-3529\" class=\"wprm-recipe-container\" data-recipe-id=\"3529\" data-servings=\"2\"><div class=\"wprm-recipe wprm-recipe-template-tinysalt-recipe\"><div class=\"wprm-recipe-template-ts-container\">\n    <div class=\"wprm-ts-top\">\n        <div class=\"wprm-ts-img\">\n            <div class=\"wprm-recipe-image wprm-block-image-normal\"><img decoding=\"async\" style=\"border-width: 0px;border-style: solid;border-color: #666666;\" width=\"680\" height=\"900\" src=\"https:\/\/holavegan.com\/wp-content\/uploads\/2019\/01\/1-2.jpg\" class=\"attachment-800x99999 size-800x99999\" alt=\"\" srcset=\"https:\/\/holavegan.com\/wp-content\/uploads\/2019\/01\/1-2.jpg 680w, https:\/\/holavegan.com\/wp-content\/uploads\/2019\/01\/1-2-227x300.jpg 227w, https:\/\/holavegan.com\/wp-content\/uploads\/2019\/01\/1-2-9x12.jpg 9w, https:\/\/holavegan.com\/wp-content\/uploads\/2019\/01\/1-2-600x794.jpg 600w, https:\/\/holavegan.com\/wp-content\/uploads\/2019\/01\/1-2-550x728.jpg 550w, https:\/\/holavegan.com\/wp-content\/uploads\/2019\/01\/1-2-370x490.jpg 370w, https:\/\/holavegan.com\/wp-content\/uploads\/2019\/01\/1-2-255x338.jpg 255w\" sizes=\"(max-width: 680px) 100vw, 680px\" \/><\/div>\n        <\/div>\n        \n        <div class=\"wprm-ts-buttons\">\n            <a href=\"https:\/\/holavegan.com\/en\/wprm_print\/pascualina\" style=\"color: #ffffff;background-color: #ffffff;border-color: #ffffff;border-radius: 100px;padding: 0px 8px;\" class=\"wprm-recipe-print wprm-recipe-link wprm-print-recipe-shortcode wprm-block-text-bold wprm-recipe-print-inline-button wprm-recipe-link-inline-button wprm-color-accent\" data-recipe-id=\"3529\" data-template=\"\" target=\"_blank\" rel=\"nofollow\" aria-label=\"Print Recipe\"><span class=\"wprm-recipe-icon wprm-recipe-print-icon\"><svg xmlns=\"http:\/\/www.w3.org\/2000\/svg\" xmlns:xlink=\"http:\/\/www.w3.org\/1999\/xlink\" x=\"0px\" y=\"0px\" width=\"16px\" height=\"16px\" viewbox=\"0 0 24 24\"><g ><path fill=\"#000000\" d=\"M19,5.09V1c0-0.552-0.448-1-1-1H6C5.448,0,5,0.448,5,1v4.09C2.167,5.569,0,8.033,0,11v7c0,0.552,0.448,1,1,1h4v4c0,0.552,0.448,1,1,1h12c0.552,0,1-0.448,1-1v-4h4c0.552,0,1-0.448,1-1v-7C24,8.033,21.833,5.569,19,5.09z M7,2h10v3H7V2z M17,22H7v-9h10V22z M18,10c-0.552,0-1-0.448-1-1c0-0.552,0.448-1,1-1s1,0.448,1,1C19,9.552,18.552,10,18,10z\"\/><\/g><\/svg><\/span> <\/a>\n            <a href=\"https:\/\/www.pinterest.com\/pin\/create\/bookmarklet\/?url=https%3A%2F%2Fholavegan.com%2Fen%2Fpascualina%2F&amp;media=https%3A%2F%2Fholavegan.com%2Fwp-content%2Fuploads%2F2019%2F01%2F1-2.jpg&amp;description=Pascualina&amp;is_video=false\" target=\"_blank\" rel=\"nofollow noopener\" data-recipe=\"3529\" data-url=\"https:\/\/holavegan.com\/en\/pascualina\/\" data-media=\"https:\/\/holavegan.com\/wp-content\/uploads\/2019\/01\/1-2.jpg\" data-description=\"Pascualina\" data-repin=\"\" role=\"button\" aria-label=\"Pin Recipe\" style=\"color: #ffffff;background-color: #ffffff;border-color: #ffffff;border-radius: 100px;padding: 0px 8px;\" class=\"wprm-recipe-pin wprm-recipe-link wprm-block-text-bold wprm-recipe-pin-inline-button wprm-recipe-link-inline-button wprm-color-accent\"><span class=\"wprm-recipe-icon wprm-recipe-pin-icon\"><svg xmlns=\"http:\/\/www.w3.org\/2000\/svg\" width=\"16\" height=\"16\" viewbox=\"0 0 24 24\"><g class=\"nc-icon-wrapper\" fill=\"#000000\"><path fill=\"#000000\" d=\"M12,0C5.4,0,0,5.4,0,12c0,5.1,3.2,9.4,7.6,11.2c-0.1-0.9-0.2-2.4,0-3.4c0.2-0.9,1.4-6,1.4-6S8.7,13,8.7,12 c0-1.7,1-2.9,2.2-2.9c1,0,1.5,0.8,1.5,1.7c0,1-0.7,2.6-1,4c-0.3,1.2,0.6,2.2,1.8,2.2c2.1,0,3.8-2.2,3.8-5.5c0-2.9-2.1-4.9-5-4.9 c-3.4,0-5.4,2.6-5.4,5.2c0,1,0.4,2.1,0.9,2.7c0.1,0.1,0.1,0.2,0.1,0.3c-0.1,0.4-0.3,1.2-0.3,1.4c-0.1,0.2-0.2,0.3-0.4,0.2 c-1.5-0.7-2.4-2.9-2.4-4.6c0-3.8,2.8-7.3,7.9-7.3c4.2,0,7.4,3,7.4,6.9c0,4.1-2.6,7.5-6.2,7.5c-1.2,0-2.4-0.6-2.8-1.4 c0,0-0.6,2.3-0.7,2.9c-0.3,1-1,2.3-1.5,3.1C9.6,23.8,10.8,24,12,24c6.6,0,12-5.4,12-12C24,5.4,18.6,0,12,0z\"><\/path><\/g><\/svg><\/span> <\/a>\n        <\/div>\n    <\/div>\n    \n    <div class=\"wprm-ts-header\">   \n        \n        <h2 class=\"wprm-recipe-name wprm-block-text-bold\">Pascualina<\/h2>\n        <div class=\"wprm-recipe-summary wprm-block-text-normal\">Para una tarta mediana.<\/div>\n    <\/div>\n    \n    <div class=\"wprm-ts-main-meta\">\n        <div class=\"wprm-recipe-block-container wprm-recipe-block-container-inline wprm-block-text-normal wprm-recipe-servings-container\" style=\"\"><span class=\"wprm-recipe-details-label wprm-block-text-bold wprm-recipe-servings-label\">Servings <\/span><span class=\"wprm-recipe-servings-with-unit\"><span class=\"wprm-recipe-servings wprm-recipe-details wprm-recipe-servings-3529 wprm-recipe-servings-adjustable-tooltip wprm-block-text-normal\" data-recipe=\"3529\" aria-label=\"Adjust recipe servings\">2<\/span> <span class=\"wprm-recipe-servings-unit wprm-recipe-details-unit wprm-block-text-normal\">personas<\/span><\/span><\/div>\n        \n    <\/div>\n    \n    <div class=\"wprm-ts-equipment-ingredients\">\n        \n        <div id=\"recipe-3529-ingredients\" class=\"wprm-recipe-ingredients-container wprm-recipe-ingredients-no-images wprm-recipe-3529-ingredients-container wprm-block-text-normal wprm-ingredient-style-regular wprm-recipe-images-before\" data-recipe=\"3529\" data-servings=\"2\"><h3 class=\"wprm-recipe-header wprm-recipe-ingredients-header wprm-block-text-bold wprm-align-left wprm-header-decoration-none\" style=\"\">Ingredients<\/h3><div class=\"wprm-recipe-ingredient-group\"><h4 class=\"wprm-recipe-group-name wprm-recipe-ingredient-group-name wprm-block-text-bold\">Para la masa<\/h4><ul class=\"wprm-recipe-ingredients\"><li class=\"wprm-recipe-ingredient\" style=\"list-style-type: disc;\" data-uid=\"-1\"><span class=\"wprm-recipe-ingredient-amount\">250<\/span>&#32;<span class=\"wprm-recipe-ingredient-unit\">gr<\/span>&#32;<span class=\"wprm-recipe-ingredient-name\">harina 000<\/span><\/li><li class=\"wprm-recipe-ingredient\" style=\"list-style-type: disc;\" data-uid=\"-1\"><span class=\"wprm-recipe-ingredient-amount\">1<\/span>&#32;<span class=\"wprm-recipe-ingredient-unit\">cda<\/span>&#32;<span class=\"wprm-recipe-ingredient-name\">aceite de Oliva<\/span><\/li><li class=\"wprm-recipe-ingredient\" style=\"list-style-type: disc;\" data-uid=\"-1\"><span class=\"wprm-recipe-ingredient-amount\">40<\/span>&#32;<span class=\"wprm-recipe-ingredient-unit\">gr<\/span>&#32;<span class=\"wprm-recipe-ingredient-name\">margarina o aceite de coco<\/span><\/li><li class=\"wprm-recipe-ingredient\" style=\"list-style-type: disc;\" data-uid=\"-1\"><span class=\"wprm-recipe-ingredient-amount\">1\/2<\/span>&#32;<span class=\"wprm-recipe-ingredient-unit\">cdita <\/span>&#32;<span class=\"wprm-recipe-ingredient-name\">Sal marina<\/span><\/li><li class=\"wprm-recipe-ingredient\" style=\"list-style-type: disc;\" data-uid=\"-1\"><span class=\"wprm-recipe-ingredient-amount\">1\/2<\/span>&#32;<span class=\"wprm-recipe-ingredient-unit\">cdita<\/span>&#32;<span class=\"wprm-recipe-ingredient-name\">c\u00farcuma en polvo<\/span><\/li><li class=\"wprm-recipe-ingredient\" style=\"list-style-type: disc;\" data-uid=\"-1\"><span class=\"wprm-recipe-ingredient-name\">agua fr\u00eda<\/span>&#32;<span class=\"wprm-recipe-ingredient-notes wprm-recipe-ingredient-notes-faded\">cantidad necesaria<\/span><\/li><\/ul><\/div><div class=\"wprm-recipe-ingredient-group\"><h4 class=\"wprm-recipe-group-name wprm-recipe-ingredient-group-name wprm-block-text-bold\">Para el relleno<\/h4><ul class=\"wprm-recipe-ingredients\"><li class=\"wprm-recipe-ingredient\" style=\"list-style-type: disc;\" data-uid=\"-1\"><span class=\"wprm-recipe-ingredient-amount\">2<\/span>&#32;<span class=\"wprm-recipe-ingredient-unit\">atados<\/span>&#32;<span class=\"wprm-recipe-ingredient-name\">espinaca<\/span>&#32;<span class=\"wprm-recipe-ingredient-notes wprm-recipe-ingredient-notes-faded\">o acelga<\/span><\/li><li class=\"wprm-recipe-ingredient\" style=\"list-style-type: disc;\" data-uid=\"-1\"><span class=\"wprm-recipe-ingredient-amount\">1<\/span>&#32;<span class=\"wprm-recipe-ingredient-name\">Cebolla<\/span><\/li><li class=\"wprm-recipe-ingredient\" style=\"list-style-type: disc;\" data-uid=\"-1\"><span class=\"wprm-recipe-ingredient-amount\">1<\/span>&#32;<span class=\"wprm-recipe-ingredient-name\">diente de ajo<\/span><\/li><li class=\"wprm-recipe-ingredient\" style=\"list-style-type: disc;\" data-uid=\"-1\"><span class=\"wprm-recipe-ingredient-name\">aceite de Oliva<\/span>&#32;<span class=\"wprm-recipe-ingredient-notes wprm-recipe-ingredient-notes-faded\">cantidad necesaria<\/span><\/li><li class=\"wprm-recipe-ingredient\" style=\"list-style-type: disc;\" data-uid=\"-1\"><span class=\"wprm-recipe-ingredient-amount\">1 <\/span>&#32;<span class=\"wprm-recipe-ingredient-unit\">cdita<\/span>&#32;<span class=\"wprm-recipe-ingredient-name\">aj\u00ed molido<\/span><\/li><li class=\"wprm-recipe-ingredient\" style=\"list-style-type: disc;\" data-uid=\"-1\"><span class=\"wprm-recipe-ingredient-name\">sal y pimienta a gusto<\/span><\/li><li class=\"wprm-recipe-ingredient\" style=\"list-style-type: disc;\" data-uid=\"-1\"><span class=\"wprm-recipe-ingredient-name\">el bagazo de la leche de almendras<\/span>&#32;<span class=\"wprm-recipe-ingredient-notes wprm-recipe-ingredient-notes-faded\">condimentado con levadura nutricional<\/span><\/li><li class=\"wprm-recipe-ingredient\" style=\"list-style-type: disc;\" data-uid=\"-1\"><span class=\"wprm-recipe-ingredient-name\">queso de papa<\/span><\/li><li class=\"wprm-recipe-ingredient\" style=\"list-style-type: disc;\" data-uid=\"-1\"><span class=\"wprm-recipe-ingredient-name\">Scrambled tofu<\/span><\/li><\/ul><\/div><\/div>\n    <\/div>\n    \n    <div class=\"wprm-ts-instructions\">\n        <div id=\"recipe-3529-instructions\" class=\"wprm-recipe-instructions-container wprm-recipe-3529-instructions-container wprm-block-text-normal\" data-recipe=\"3529\"><h3 class=\"wprm-recipe-header wprm-recipe-instructions-header wprm-block-text-bold wprm-align-left wprm-header-decoration-none\" style=\"\">Instructions<\/h3><div class=\"wprm-recipe-instruction-group\"><h4 class=\"wprm-recipe-group-name wprm-recipe-instruction-group-name wprm-block-text-bold\">Para la masa<\/h4><ul class=\"wprm-recipe-instructions\"><li id=\"wprm-recipe-3529-step-0-0\" class=\"wprm-recipe-instruction\" style=\"list-style-type: decimal;\"><div class=\"wprm-recipe-instruction-text\" style=\"margin-bottom: 20px;\">Tamizar la harina, la sal y la c\u00farcuma.<\/div><\/li><li id=\"wprm-recipe-3529-step-0-1\" class=\"wprm-recipe-instruction\" style=\"list-style-type: decimal;\"><div class=\"wprm-recipe-instruction-text\" style=\"margin-bottom: 20px;\">Disponer la mezcla en la mesada en forma de corona y en el centro colocar el aceite y margarina a temperatura ambiente.<\/div><\/li><li id=\"wprm-recipe-3529-step-0-2\" class=\"wprm-recipe-instruction\" style=\"list-style-type: decimal;\"><div class=\"wprm-recipe-instruction-text\" style=\"margin-bottom: 20px;\">Unir los ingredientes del centro incorporando la harina y agregar agua fr\u00eda de a poco hasta formar un bollo tierno.<\/div><\/li><li id=\"wprm-recipe-3529-step-0-3\" class=\"wprm-recipe-instruction\" style=\"list-style-type: decimal;\"><div class=\"wprm-recipe-instruction-text\" style=\"margin-bottom: 20px;\">Amasar hasta formar una masa bien el\u00e1stica y dividir la masa en dos bollos. Dejarlos descansar en la heladera cubiertos con film mientras preparamos el relleno.<\/div><\/li><\/ul><\/div><div class=\"wprm-recipe-instruction-group\"><h4 class=\"wprm-recipe-group-name wprm-recipe-instruction-group-name wprm-block-text-bold\">Para el relleno<\/h4><ul class=\"wprm-recipe-instructions\"><li id=\"wprm-recipe-3529-step-1-0\" class=\"wprm-recipe-instruction\" style=\"list-style-type: decimal;\"><div class=\"wprm-recipe-instruction-text\" style=\"margin-bottom: 20px;\">Lavar bien las hojas de espinaca y saltearlas con un poco de aceite de oliva en una sart\u00e9n grande. Reservar.<\/div><\/li><li id=\"wprm-recipe-3529-step-1-1\" class=\"wprm-recipe-instruction\" style=\"list-style-type: decimal;\"><div class=\"wprm-recipe-instruction-text\" style=\"margin-bottom: 20px;\">Picar el ajo y la cebolla y saltearlos tambi\u00e9n.<\/div><\/li><li id=\"wprm-recipe-3529-step-1-2\" class=\"wprm-recipe-instruction\" style=\"list-style-type: decimal;\"><div class=\"wprm-recipe-instruction-text\" style=\"margin-bottom: 20px;\">Picar la espinaca salteada y unir con la cebolla y el ajo. Condimentar con aj\u00ed molido, sal y pimienta a gusto.<\/div><\/li><li id=\"wprm-recipe-3529-step-1-3\" class=\"wprm-recipe-instruction\" style=\"list-style-type: decimal;\"><div class=\"wprm-recipe-instruction-text\" style=\"margin-bottom: 20px;\">Agregar el bagazo de la leche de almendras previamente condimentado con levadura nutricional, el queso de papa y el scrambled tofu.<\/div><\/li><\/ul><\/div><div class=\"wprm-recipe-instruction-group\"><h4 class=\"wprm-recipe-group-name wprm-recipe-instruction-group-name wprm-block-text-bold\">Para el armado<\/h4><ul class=\"wprm-recipe-instructions\"><li id=\"wprm-recipe-3529-step-2-0\" class=\"wprm-recipe-instruction\" style=\"list-style-type: decimal;\"><div class=\"wprm-recipe-instruction-text\" style=\"margin-bottom: 20px;\">Retirar los bollos de masa de la heladera y estirarlos con palote.<\/div><\/li><li id=\"wprm-recipe-3529-step-2-1\" class=\"wprm-recipe-instruction\" style=\"list-style-type: decimal;\"><div class=\"wprm-recipe-instruction-text\" style=\"margin-bottom: 20px;\">Aceitar y enharinar una tartera y colocar un disco de masa para forrarla. Pinchar con un tenedor y agregar el relleno.<\/div><\/li><li id=\"wprm-recipe-3529-step-2-2\" class=\"wprm-recipe-instruction\" style=\"list-style-type: decimal;\"><div class=\"wprm-recipe-instruction-text\" style=\"margin-bottom: 20px;\">Colocar el otro disco por encima, como una tapa y unir los bordes formando un repulgue y sellando la tarta.<\/div><\/li><li id=\"wprm-recipe-3529-step-2-3\" class=\"wprm-recipe-instruction\" style=\"list-style-type: decimal;\"><div class=\"wprm-recipe-instruction-text\" style=\"margin-bottom: 20px;\">Pinchar la superficie con tenedor y llevar a horno moderado a fuerte previamente precalentado.<\/div><\/li><li id=\"wprm-recipe-3529-step-2-4\" class=\"wprm-recipe-instruction\" style=\"list-style-type: decimal;\"><div class=\"wprm-recipe-instruction-text\" style=\"margin-bottom: 20px;\">Cocinar hasta que se dore.<\/div><\/li><\/ul><\/div><\/div>\n        <div id=\"recipe-video\"><\/div>\n    <\/div>\n    \n    \n    \n    <div class=\"wprm-ts-meta\">\n        \n        \n        \n        <div class=\"wprm-recipe-meta-container wprm-recipe-tags-container wprm-recipe-details-container wprm-recipe-details-container-inline wprm-block-text-normal\"><div class=\"wprm-recipe-block-container wprm-recipe-block-container-inline wprm-block-text-normal wprm-recipe-tag-container wprm-recipe-course-container\" style=\"\"><span class=\"wprm-recipe-icon wprm-recipe-tag-icon wprm-recipe-course-icon\"><svg xmlns=\"http:\/\/www.w3.org\/2000\/svg\" xmlns:xlink=\"http:\/\/www.w3.org\/1999\/xlink\" x=\"0px\" y=\"0px\" width=\"16px\" height=\"16px\" viewbox=\"0 0 24 24\"><g ><path fill=\"#333333\" d=\"M22.707,12.293l-11-11C11.52,1.106,11.265,1,11,1H2C1.448,1,1,1.448,1,2v9c0,0.265,0.105,0.52,0.293,0.707l11,11C12.488,22.903,12.744,23,13,23s0.512-0.098,0.707-0.293l9-9C23.098,13.317,23.098,12.684,22.707,12.293z M7,9C5.895,9,5,8.105,5,7c0-1.105,0.895-2,2-2s2,0.895,2,2C9,8.105,8.105,9,7,9z M13,17.414L8.586,13L10,11.586L14.414,16L13,17.414z M16,14.414L11.586,10L13,8.586L17.414,13L16,14.414z\"\/><\/g><\/svg><\/span> <span class=\"wprm-recipe-details-label wprm-block-text-bold wprm-recipe-tag-label wprm-recipe-course-label\">Plato: <\/span><span class=\"wprm-recipe-course wprm-block-text-normal\">To share<\/span><\/div><div class=\"wprm-recipe-block-container wprm-recipe-block-container-inline wprm-block-text-normal wprm-recipe-tag-container wprm-recipe-cuisine-container\" style=\"\"><span class=\"wprm-recipe-icon wprm-recipe-tag-icon wprm-recipe-cuisine-icon\"><svg xmlns=\"http:\/\/www.w3.org\/2000\/svg\" xmlns:xlink=\"http:\/\/www.w3.org\/1999\/xlink\" x=\"0px\" y=\"0px\" width=\"16px\" height=\"16px\" viewbox=\"0 0 24 24\"><g ><path fill=\"#333333\" d=\"M22.707,12.293l-11-11C11.52,1.106,11.265,1,11,1H2C1.448,1,1,1.448,1,2v9c0,0.265,0.105,0.52,0.293,0.707l11,11C12.488,22.903,12.744,23,13,23s0.512-0.098,0.707-0.293l9-9C23.098,13.317,23.098,12.684,22.707,12.293z M7,9C5.895,9,5,8.105,5,7c0-1.105,0.895-2,2-2s2,0.895,2,2C9,8.105,8.105,9,7,9z M13,17.414L8.586,13L10,11.586L14.414,16L13,17.414z M16,14.414L11.586,10L13,8.586L17.414,13L16,14.414z\"\/><\/g><\/svg><\/span> <span class=\"wprm-recipe-details-label wprm-block-text-bold wprm-recipe-tag-label wprm-recipe-cuisine-label\">Cocina: <\/span><span class=\"wprm-recipe-cuisine wprm-block-text-normal\">Argentina, Italiana<\/span><\/div><\/div>\n    <\/div>\n    \n    \n<\/div><\/div><\/div>","protected":false},"excerpt":{"rendered":"<p>Esta cl\u00e1sica tarta de verduras oriunda de Italia, sol\u00eda prepararse en \u00e9pocas pascuales, dado que la religi\u00f3n cristiana proh\u00edbe comer carne los d\u00edas previos a Pascua. En su versi\u00f3n tradicional, es una tarta de masa mantecosa con relleno de verduras (hojas verdes, cebolla, ajo) queso y huevo. En casa se preparaba con espinaca o acelga &#8230;<\/p>","protected":false},"author":3,"featured_media":15021,"comment_status":"open","ping_status":"closed","sticky":false,"template":"","format":"standard","meta":{"wprm-recipe-roundup-name":"","wprm-recipe-roundup-description":"","loftocean_post_primary_category":0,"loftocean_post_format_gallery":"","loftocean_post_format_gallery_ids":"","loftocean_post_format_gallery_urls":"","loftocean_post_format_video_id":0,"loftocean_post_format_video_url":"","loftocean_post_format_video_type":"","loftocean_post_format_video":"","loftocean_post_format_audio_type":"","loftocean_post_format_audio_url":"","loftocean_post_format_audio_id":0,"loftocean_post_format_audio":"","loftocean-featured-post":"","loftocean-like-count":0,"loftocean-view-count":3547,"tinysalt_single_post_intro_label":"","tinysalt_single_post_intro_description":"","tinysalt_hide_post_featured_image":"","tinysalt_post_featured_media_position":"","tinysalt_single_site_header_source":"","tinysalt_single_custom_site_header":"0","tinysalt_single_custom_sticky_site_header":"0","tinysalt_single_custom_sticky_site_header_style":"sticky-scroll-up","tinysalt_single_site_footer_source":"","tinysalt_single_custom_site_footer":"0","footnotes":""},"categories":[273,5411,5413,315,320],"tags":[466,1900,1901,2482,2500],"class_list":["post-3108","post","type-post","status-publish","format-standard","has-post-thumbnail","hentry","category-bagazo","category-para-compartir","category-quesos","category-recetas","category-sobras","tag-bagazo","tag-pascualina","tag-pascualina-vegana","tag-tarta","tag-tarta-de-verdura"],"yoast_head":"<!-- This site is optimized with the Yoast SEO plugin v27.4 - https:\/\/yoast.com\/product\/yoast-seo-wordpress\/ -->\n<title>Pascualina - Hola Vegan<\/title>\n<meta name=\"robots\" content=\"noindex, follow, max-snippet:-1, max-image-preview:large, max-video-preview:-1\" \/>\n<meta property=\"og:locale\" content=\"en_US\" \/>\n<meta property=\"og:type\" content=\"article\" \/>\n<meta property=\"og:title\" content=\"Pascualina - Hola Vegan\" \/>\n<meta property=\"og:description\" content=\"Esta cl\u00e1sica tarta de verduras oriunda de Italia, sol\u00eda prepararse en \u00e9pocas pascuales, dado que la religi\u00f3n cristiana proh\u00edbe comer carne los d\u00edas previos a Pascua. En su versi\u00f3n tradicional, es una tarta de masa mantecosa con relleno de verduras (hojas verdes, cebolla, ajo) queso y huevo. En casa se preparaba con espinaca o acelga ...\" \/>\n<meta property=\"og:url\" content=\"https:\/\/holavegan.com\/en\/pascualina\/\" \/>\n<meta property=\"og:site_name\" content=\"Hola Vegan\" \/>\n<meta property=\"article:published_time\" content=\"2019-01-17T15:28:32+00:00\" \/>\n<meta property=\"article:modified_time\" content=\"2026-04-13T09:16:15+00:00\" \/>\n<meta property=\"og:image\" content=\"https:\/\/holavegan.com\/wp-content\/uploads\/2026\/04\/1-9.jpg\" \/>\n\t<meta property=\"og:image:width\" content=\"680\" \/>\n\t<meta property=\"og:image:height\" content=\"900\" \/>\n\t<meta property=\"og:image:type\" content=\"image\/jpeg\" \/>\n<meta name=\"author\" content=\"Lorena Raffaelli\" \/>\n<meta name=\"twitter:card\" content=\"summary_large_image\" \/>\n<meta name=\"twitter:label1\" content=\"Written by\" \/>\n\t<meta name=\"twitter:data1\" content=\"Lorena Raffaelli\" \/>\n\t<meta name=\"twitter:label2\" content=\"Est. reading time\" \/>\n\t<meta name=\"twitter:data2\" content=\"3 minutes\" \/>\n<script type=\"application\/ld+json\" class=\"yoast-schema-graph\">{\"@context\":\"https:\\\/\\\/schema.org\",\"@graph\":[{\"@type\":\"Article\",\"@id\":\"https:\\\/\\\/holavegan.com\\\/pascualina\\\/#article\",\"isPartOf\":{\"@id\":\"https:\\\/\\\/holavegan.com\\\/pascualina\\\/\"},\"author\":{\"name\":\"Lorena Raffaelli\",\"@id\":\"https:\\\/\\\/holavegan.com\\\/en\\\/#\\\/schema\\\/person\\\/3b0f0fb4cf09b4b866567fda2d1cacdb\"},\"headline\":\"Pascualina\",\"datePublished\":\"2019-01-17T15:28:32+00:00\",\"dateModified\":\"2026-04-13T09:16:15+00:00\",\"mainEntityOfPage\":{\"@id\":\"https:\\\/\\\/holavegan.com\\\/pascualina\\\/\"},\"wordCount\":611,\"commentCount\":12,\"publisher\":{\"@id\":\"https:\\\/\\\/holavegan.com\\\/en\\\/#organization\"},\"image\":{\"@id\":\"https:\\\/\\\/holavegan.com\\\/pascualina\\\/#primaryimage\"},\"thumbnailUrl\":\"https:\\\/\\\/holavegan.com\\\/wp-content\\\/uploads\\\/2026\\\/04\\\/1-9.jpg\",\"keywords\":[\"bagazo\",\"pascualina\",\"pascualina vegana\",\"tarta\",\"tarta de verdura\"],\"articleSection\":[\"Bagazo\",\"Para compartir\",\"Quesos\",\"Recetas\",\"Sobras\"],\"inLanguage\":\"en-US\",\"potentialAction\":[{\"@type\":\"CommentAction\",\"name\":\"Comment\",\"target\":[\"https:\\\/\\\/holavegan.com\\\/pascualina\\\/#respond\"]}]},{\"@type\":\"WebPage\",\"@id\":\"https:\\\/\\\/holavegan.com\\\/pascualina\\\/\",\"url\":\"https:\\\/\\\/holavegan.com\\\/pascualina\\\/\",\"name\":\"Pascualina - Hola Vegan\",\"isPartOf\":{\"@id\":\"https:\\\/\\\/holavegan.com\\\/en\\\/#website\"},\"primaryImageOfPage\":{\"@id\":\"https:\\\/\\\/holavegan.com\\\/pascualina\\\/#primaryimage\"},\"image\":{\"@id\":\"https:\\\/\\\/holavegan.com\\\/pascualina\\\/#primaryimage\"},\"thumbnailUrl\":\"https:\\\/\\\/holavegan.com\\\/wp-content\\\/uploads\\\/2026\\\/04\\\/1-9.jpg\",\"datePublished\":\"2019-01-17T15:28:32+00:00\",\"dateModified\":\"2026-04-13T09:16:15+00:00\",\"breadcrumb\":{\"@id\":\"https:\\\/\\\/holavegan.com\\\/pascualina\\\/#breadcrumb\"},\"inLanguage\":\"en-US\",\"potentialAction\":[{\"@type\":\"ReadAction\",\"target\":[\"https:\\\/\\\/holavegan.com\\\/pascualina\\\/\"]}]},{\"@type\":\"ImageObject\",\"inLanguage\":\"en-US\",\"@id\":\"https:\\\/\\\/holavegan.com\\\/pascualina\\\/#primaryimage\",\"url\":\"https:\\\/\\\/holavegan.com\\\/wp-content\\\/uploads\\\/2026\\\/04\\\/1-9.jpg\",\"contentUrl\":\"https:\\\/\\\/holavegan.com\\\/wp-content\\\/uploads\\\/2026\\\/04\\\/1-9.jpg\",\"width\":680,\"height\":900},{\"@type\":\"BreadcrumbList\",\"@id\":\"https:\\\/\\\/holavegan.com\\\/pascualina\\\/#breadcrumb\",\"itemListElement\":[{\"@type\":\"ListItem\",\"position\":1,\"name\":\"Home\",\"item\":\"https:\\\/\\\/holavegan.com\\\/en\\\/\"},{\"@type\":\"ListItem\",\"position\":2,\"name\":\"Pascualina\"}]},{\"@type\":\"WebSite\",\"@id\":\"https:\\\/\\\/holavegan.com\\\/en\\\/#website\",\"url\":\"https:\\\/\\\/holavegan.com\\\/en\\\/\",\"name\":\"Hola Vegan\",\"description\":\"Un blog de las Veganas Hermanas\",\"publisher\":{\"@id\":\"https:\\\/\\\/holavegan.com\\\/en\\\/#organization\"},\"potentialAction\":[{\"@type\":\"SearchAction\",\"target\":{\"@type\":\"EntryPoint\",\"urlTemplate\":\"https:\\\/\\\/holavegan.com\\\/en\\\/?s={search_term_string}\"},\"query-input\":{\"@type\":\"PropertyValueSpecification\",\"valueRequired\":true,\"valueName\":\"search_term_string\"}}],\"inLanguage\":\"en-US\"},{\"@type\":\"Organization\",\"@id\":\"https:\\\/\\\/holavegan.com\\\/en\\\/#organization\",\"name\":\"Hola Vegan\",\"url\":\"https:\\\/\\\/holavegan.com\\\/en\\\/\",\"logo\":{\"@type\":\"ImageObject\",\"inLanguage\":\"en-US\",\"@id\":\"https:\\\/\\\/holavegan.com\\\/en\\\/#\\\/schema\\\/logo\\\/image\\\/\",\"url\":\"https:\\\/\\\/holavegan.com\\\/wp-content\\\/uploads\\\/2023\\\/03\\\/cropped-logo-h@2x-1-2.png\",\"contentUrl\":\"https:\\\/\\\/holavegan.com\\\/wp-content\\\/uploads\\\/2023\\\/03\\\/cropped-logo-h@2x-1-2.png\",\"width\":700,\"height\":200,\"caption\":\"Hola Vegan\"},\"image\":{\"@id\":\"https:\\\/\\\/holavegan.com\\\/en\\\/#\\\/schema\\\/logo\\\/image\\\/\"}},{\"@type\":\"Person\",\"@id\":\"https:\\\/\\\/holavegan.com\\\/en\\\/#\\\/schema\\\/person\\\/3b0f0fb4cf09b4b866567fda2d1cacdb\",\"name\":\"Lorena Raffaelli\",\"image\":{\"@type\":\"ImageObject\",\"inLanguage\":\"en-US\",\"@id\":\"https:\\\/\\\/secure.gravatar.com\\\/avatar\\\/ee18332f8e8696acdf4d0b7d60cc235118ef1160dc148eb4e6b544feced36a75?s=96&d=mm&r=g\",\"url\":\"https:\\\/\\\/secure.gravatar.com\\\/avatar\\\/ee18332f8e8696acdf4d0b7d60cc235118ef1160dc148eb4e6b544feced36a75?s=96&d=mm&r=g\",\"contentUrl\":\"https:\\\/\\\/secure.gravatar.com\\\/avatar\\\/ee18332f8e8696acdf4d0b7d60cc235118ef1160dc148eb4e6b544feced36a75?s=96&d=mm&r=g\",\"caption\":\"Lorena Raffaelli\"},\"url\":\"https:\\\/\\\/holavegan.com\\\/en\\\/author\\\/lorenaraffaelli\\\/\"}]}<\/script>\n<!-- \/ Yoast SEO plugin. -->","yoast_head_json":{"title":"Pascualina - Hola Vegan","robots":{"index":"noindex","follow":"follow","max-snippet":"max-snippet:-1","max-image-preview":"max-image-preview:large","max-video-preview":"max-video-preview:-1"},"og_locale":"en_US","og_type":"article","og_title":"Pascualina - Hola Vegan","og_description":"Esta cl\u00e1sica tarta de verduras oriunda de Italia, sol\u00eda prepararse en \u00e9pocas pascuales, dado que la religi\u00f3n cristiana proh\u00edbe comer carne los d\u00edas previos a Pascua. En su versi\u00f3n tradicional, es una tarta de masa mantecosa con relleno de verduras (hojas verdes, cebolla, ajo) queso y huevo. En casa se preparaba con espinaca o acelga ...","og_url":"https:\/\/holavegan.com\/en\/pascualina\/","og_site_name":"Hola Vegan","article_published_time":"2019-01-17T15:28:32+00:00","article_modified_time":"2026-04-13T09:16:15+00:00","og_image":[{"width":680,"height":900,"url":"https:\/\/holavegan.com\/wp-content\/uploads\/2026\/04\/1-9.jpg","type":"image\/jpeg"}],"author":"Lorena Raffaelli","twitter_card":"summary_large_image","twitter_misc":{"Written by":"Lorena Raffaelli","Est. reading time":"3 minutes"},"schema":{"@context":"https:\/\/schema.org","@graph":[{"@type":"Article","@id":"https:\/\/holavegan.com\/pascualina\/#article","isPartOf":{"@id":"https:\/\/holavegan.com\/pascualina\/"},"author":{"name":"Lorena Raffaelli","@id":"https:\/\/holavegan.com\/en\/#\/schema\/person\/3b0f0fb4cf09b4b866567fda2d1cacdb"},"headline":"Pascualina","datePublished":"2019-01-17T15:28:32+00:00","dateModified":"2026-04-13T09:16:15+00:00","mainEntityOfPage":{"@id":"https:\/\/holavegan.com\/pascualina\/"},"wordCount":611,"commentCount":12,"publisher":{"@id":"https:\/\/holavegan.com\/en\/#organization"},"image":{"@id":"https:\/\/holavegan.com\/pascualina\/#primaryimage"},"thumbnailUrl":"https:\/\/holavegan.com\/wp-content\/uploads\/2026\/04\/1-9.jpg","keywords":["bagazo","pascualina","pascualina vegana","tarta","tarta de verdura"],"articleSection":["Bagazo","Para compartir","Quesos","Recetas","Sobras"],"inLanguage":"en-US","potentialAction":[{"@type":"CommentAction","name":"Comment","target":["https:\/\/holavegan.com\/pascualina\/#respond"]}]},{"@type":"WebPage","@id":"https:\/\/holavegan.com\/pascualina\/","url":"https:\/\/holavegan.com\/pascualina\/","name":"Pascualina - Hola Vegan","isPartOf":{"@id":"https:\/\/holavegan.com\/en\/#website"},"primaryImageOfPage":{"@id":"https:\/\/holavegan.com\/pascualina\/#primaryimage"},"image":{"@id":"https:\/\/holavegan.com\/pascualina\/#primaryimage"},"thumbnailUrl":"https:\/\/holavegan.com\/wp-content\/uploads\/2026\/04\/1-9.jpg","datePublished":"2019-01-17T15:28:32+00:00","dateModified":"2026-04-13T09:16:15+00:00","breadcrumb":{"@id":"https:\/\/holavegan.com\/pascualina\/#breadcrumb"},"inLanguage":"en-US","potentialAction":[{"@type":"ReadAction","target":["https:\/\/holavegan.com\/pascualina\/"]}]},{"@type":"ImageObject","inLanguage":"en-US","@id":"https:\/\/holavegan.com\/pascualina\/#primaryimage","url":"https:\/\/holavegan.com\/wp-content\/uploads\/2026\/04\/1-9.jpg","contentUrl":"https:\/\/holavegan.com\/wp-content\/uploads\/2026\/04\/1-9.jpg","width":680,"height":900},{"@type":"BreadcrumbList","@id":"https:\/\/holavegan.com\/pascualina\/#breadcrumb","itemListElement":[{"@type":"ListItem","position":1,"name":"Home","item":"https:\/\/holavegan.com\/en\/"},{"@type":"ListItem","position":2,"name":"Pascualina"}]},{"@type":"WebSite","@id":"https:\/\/holavegan.com\/en\/#website","url":"https:\/\/holavegan.com\/en\/","name":"Hello Vegan","description":"Un blog de las Veganas Hermanas","publisher":{"@id":"https:\/\/holavegan.com\/en\/#organization"},"potentialAction":[{"@type":"SearchAction","target":{"@type":"EntryPoint","urlTemplate":"https:\/\/holavegan.com\/en\/?s={search_term_string}"},"query-input":{"@type":"PropertyValueSpecification","valueRequired":true,"valueName":"search_term_string"}}],"inLanguage":"en-US"},{"@type":"Organization","@id":"https:\/\/holavegan.com\/en\/#organization","name":"Hello Vegan","url":"https:\/\/holavegan.com\/en\/","logo":{"@type":"ImageObject","inLanguage":"en-US","@id":"https:\/\/holavegan.com\/en\/#\/schema\/logo\/image\/","url":"https:\/\/holavegan.com\/wp-content\/uploads\/2023\/03\/cropped-logo-h@2x-1-2.png","contentUrl":"https:\/\/holavegan.com\/wp-content\/uploads\/2023\/03\/cropped-logo-h@2x-1-2.png","width":700,"height":200,"caption":"Hola Vegan"},"image":{"@id":"https:\/\/holavegan.com\/en\/#\/schema\/logo\/image\/"}},{"@type":"Person","@id":"https:\/\/holavegan.com\/en\/#\/schema\/person\/3b0f0fb4cf09b4b866567fda2d1cacdb","name":"Lorena Raffaelli","image":{"@type":"ImageObject","inLanguage":"en-US","@id":"https:\/\/secure.gravatar.com\/avatar\/ee18332f8e8696acdf4d0b7d60cc235118ef1160dc148eb4e6b544feced36a75?s=96&d=mm&r=g","url":"https:\/\/secure.gravatar.com\/avatar\/ee18332f8e8696acdf4d0b7d60cc235118ef1160dc148eb4e6b544feced36a75?s=96&d=mm&r=g","contentUrl":"https:\/\/secure.gravatar.com\/avatar\/ee18332f8e8696acdf4d0b7d60cc235118ef1160dc148eb4e6b544feced36a75?s=96&d=mm&r=g","caption":"Lorena Raffaelli"},"url":"https:\/\/holavegan.com\/en\/author\/lorenaraffaelli\/"}]}},"featured_image_src":"https:\/\/holavegan.com\/wp-content\/uploads\/2026\/04\/1-9-600x400.jpg","featured_image_src_square":"https:\/\/holavegan.com\/wp-content\/uploads\/2026\/04\/1-9-600x600.jpg","author_info":{"display_name":"Lorena Raffaelli","author_link":"https:\/\/holavegan.com\/en\/author\/lorenaraffaelli\/"},"_links":{"self":[{"href":"https:\/\/holavegan.com\/en\/wp-json\/wp\/v2\/posts\/3108","targetHints":{"allow":["GET"]}}],"collection":[{"href":"https:\/\/holavegan.com\/en\/wp-json\/wp\/v2\/posts"}],"about":[{"href":"https:\/\/holavegan.com\/en\/wp-json\/wp\/v2\/types\/post"}],"author":[{"embeddable":true,"href":"https:\/\/holavegan.com\/en\/wp-json\/wp\/v2\/users\/3"}],"replies":[{"embeddable":true,"href":"https:\/\/holavegan.com\/en\/wp-json\/wp\/v2\/comments?post=3108"}],"version-history":[{"count":0,"href":"https:\/\/holavegan.com\/en\/wp-json\/wp\/v2\/posts\/3108\/revisions"}],"wp:featuredmedia":[{"embeddable":true,"href":"https:\/\/holavegan.com\/en\/wp-json\/wp\/v2\/media\/15021"}],"wp:attachment":[{"href":"https:\/\/holavegan.com\/en\/wp-json\/wp\/v2\/media?parent=3108"}],"wp:term":[{"taxonomy":"category","embeddable":true,"href":"https:\/\/holavegan.com\/en\/wp-json\/wp\/v2\/categories?post=3108"},{"taxonomy":"post_tag","embeddable":true,"href":"https:\/\/holavegan.com\/en\/wp-json\/wp\/v2\/tags?post=3108"}],"curies":[{"name":"wp","href":"https:\/\/api.w.org\/{rel}","templated":true}]}}