{"id":3786,"date":"2019-08-16T11:09:55","date_gmt":"2019-08-16T14:09:55","guid":{"rendered":"https:\/\/holavegan.theblogpress.com\/?p=3786"},"modified":"2026-04-13T06:16:14","modified_gmt":"2026-04-13T09:16:14","slug":"tinto-de-vegano-sandevid","status":"publish","type":"post","link":"https:\/\/holavegan.com\/en\/tinto-de-vegano-sandevid\/","title":{"rendered":"TINTO DE VEGANO SANDEVID"},"content":{"rendered":"<h5>\u00a1Atenci\u00f3n amig@s de Espa\u00f1a!<\/h5>\n<p>\u00a1Tenemos una noticia fabulosa!<\/p>\n<p>Hemos recibido esta monada de caja de Sandevid con unos tintos de verano deliciosos y refrescantes y \u00bfquieren saber lo mejor?<br \/>\n<strong>\u00a1Son veganos!<\/strong><\/p>\n<p><img fetchpriority=\"high\" decoding=\"async\" class=\"alignnone size-full wp-image-3788\" src=\"https:\/\/holaveganc1dev.wpenginepowered.com\/wp-content\/uploads\/2019\/08\/caja.jpg\" alt=\"\" width=\"680\" height=\"900\" \/><\/p>\n<p><img decoding=\"async\" class=\"alignnone size-full wp-image-3787\" src=\"https:\/\/holaveganc1dev.wpenginepowered.com\/wp-content\/uploads\/2019\/08\/caja-y-bolsa.jpg\" alt=\"\" width=\"680\" height=\"900\" \/><\/p>\n<p>Sandevid es una empresa familiar con <strong>m\u00e1s de 30 a\u00f1os de experiencia<\/strong>, cultivan su propia vid, dando importancia al producto local y de origen, y a la autogesti\u00f3n. Para ellos es fundamental que su producto se encuentre en un entorno \u00fanico, como el parque de Las Tablas de Daimiel (Castilla La Mancha) tierra vin\u00edcola por excelencia.<\/p>\n<p><strong>Sus productos son 100% veganos ya que no proceden, ni contienen, materias primas de origen animal y emplean filtros vegetales en la elaboraci\u00f3n de sus tintos de verano.<\/strong><\/p>\n<p>\u00a1Mirad qu\u00e9 tentadores son estos sabores!<\/p>\n<p>Adem\u00e1s, no contienen colorantes ni conservantes y est\u00e1n hechos con deliciosas uvas tempranillo.<\/p>\n<p><img decoding=\"async\" class=\"alignnone size-full wp-image-3789\" src=\"https:\/\/holaveganc1dev.wpenginepowered.com\/wp-content\/uploads\/2019\/08\/detalle-botellines-en-caja.jpg\" alt=\"\" width=\"680\" height=\"900\" \/><\/p>\n<ul>\n<li>Tinto de verano con gaseosa<\/li>\n<li>Tinto de verano con lim\u00f3n<\/li>\n<li>Tinto de verano con naranja<\/li>\n<li>Tinto de verano sin alcohol<\/li>\n<li>Tinto de verano sin az\u00facar<\/li>\n<li>Tinto de verano 0+0 ( 0 alcohol y 0 az\u00facares)<\/li>\n<\/ul>\n<h5>\u00a1A probar!<\/h5>\n<p>Decidimos degustar estos riqu\u00edsimos vinos con nuestro <a href=\"https:\/\/holaveganc1dev.wpenginepowered.com\/queso-estilo-gruyere\/\" target=\"_blank\" rel=\"noopener noreferrer\"><em>queso estilo gruyere<\/em><\/a> y unas crujientes <a href=\"https:\/\/holaveganc1dev.wpenginepowered.com\/crackers-de-almendras-y-tomates-secos\/\" target=\"_blank\" rel=\"noopener noreferrer\"><em>crackers de almendras y tomates secos<\/em><\/a> y result\u00f3 ser todo un \u00e9xito.<\/p>\n<p>Nuestros favoritos, sin dudas, fueron el <strong>Cl\u00e1sico<\/strong> y el <strong>Radler<\/strong> (uno de los m\u00e1s nuevos miembros de la familia Sandevid), por su sabor suave y un dejo a lim\u00f3n natural.<\/p>\n<p>Los disfrutamos bien fr\u00edos y con mucho hielo, adem\u00e1s, agregamos unas rodajas de lima fresca y az\u00facar a las copas, para un toque dulz\u00f3n.<\/p>\n<p><img loading=\"lazy\" decoding=\"async\" class=\"alignnone size-full wp-image-3792\" src=\"https:\/\/holaveganc1dev.wpenginepowered.com\/wp-content\/uploads\/2019\/08\/vinos-en-copa.jpg\" alt=\"\" width=\"680\" height=\"900\" \/><\/p>\n<p>Excitantes y refrescantes, ideales para compartir unas deliciosas tapas entre amigos disfrutando del veranito.<\/p>\n<p><img loading=\"lazy\" decoding=\"async\" class=\"alignnone size-full wp-image-3791\" src=\"https:\/\/holaveganc1dev.wpenginepowered.com\/wp-content\/uploads\/2019\/08\/vinos-en-botellin.jpg\" alt=\"\" width=\"680\" height=\"900\" \/><\/p>\n<h5>Y ustedes, \u00bfCon qu\u00e9 maridar\u00edan estos vinos?<\/h5>\n<p>Se nos ocurri\u00f3 que tambi\u00e9n podr\u00edan ir bien, por ejemplo, con una pizza, empanadas, y hasta unas papas fritas!<br \/>\nLo que m\u00e1s nos gusta (sobre todo a los que no bebemos alcohol) es poder disfrutar de un delicioso tinto de verano <strong>sin alcohol<\/strong>, sin perder el sabor ni la frescura.<br \/>\nLo mismo si llevas una vida <em>sugar-free<\/em>, puedes elegir entre dos opciones, la que no lleva az\u00facar y la que no lleva ni az\u00facar, ni alcohol.<\/p>\n<p>Conclusi\u00f3n:<\/p>\n<p>Es genial que la gente de Sandevid haya pensado en TODOS a la hora de crear sus deliciosos productos.<\/p>\n<h5>Tened en cuenta de que todos los tintos de verano de Sandevid, vienen en varias presentaciones<\/h5>\n<ul>\n<li>Botella de 1.5 litros: Ideal para disfrutar en reuniones con muchos amigos o mucha familia.<\/li>\n<li>Botella de 0.5 litros: Ideal para disfrutar entre dos.<\/li>\n<li>Botell\u00edn de 0.25 litros: Para darte un capricho tu solito\/a.<\/li>\n<\/ul>\n<h5>Importante<\/h5>\n<p><strong>Todos los productos de Sandevid cuentan con la certificaci\u00f3n oficial V-Label<\/strong>, un s\u00edmbolo reconocido internacionalmente para el etiquetado de productos y servicios veganos y vegetarianos.<\/p>\n<p><img loading=\"lazy\" decoding=\"async\" class=\"alignnone size-full wp-image-3790\" src=\"https:\/\/holaveganc1dev.wpenginepowered.com\/wp-content\/uploads\/2019\/08\/tarjeta-con-sello-V.jpg\" alt=\"\" width=\"680\" height=\"900\" \/><\/p>\n<p>Adem\u00e1s, los productos de Sandevid tambi\u00e9n se encuentran listados en <a href=\"https:\/\/www.barnivore.com\/search?keyword=sandevid\" target=\"_blank\" rel=\"noopener noreferrer\"><strong><em>Barnivore<\/em><\/strong><\/a>, plataforma principal para indexar informaci\u00f3n sobre bebidas alcoh\u00f3licas <em>vegan friendly.<\/em><\/p>\n<p>Para saber m\u00e1s sobre Sandevid y todos sus productos, visita su web <a href=\"https:\/\/sandevid.com\/\" target=\"_blank\" rel=\"noopener noreferrer\"><strong><em>sandevid.com<\/em><\/strong><\/a>.<\/p>\n<p>Nos despedimos y esperamos que les haya gustado nuestra opini\u00f3n sobre estos vinos. Nos encanta que cada vez m\u00e1s empresas tengan propuestas libres de crueldad para todos los veganos.<\/p>\n<p>\u00a1Gracias por leernos!<\/p>","protected":false},"excerpt":{"rendered":"<p>\u00a1Atenci\u00f3n amig@s de Espa\u00f1a! \u00a1Tenemos una noticia fabulosa! Hemos recibido esta monada de caja de Sandevid con unos tintos de verano deliciosos y refrescantes y \u00bfquieren saber lo mejor? \u00a1Son veganos! Sandevid es una empresa familiar con m\u00e1s de 30 a\u00f1os de experiencia, cultivan su propia vid, dando importancia al producto local y de origen, &#8230;<\/p>","protected":false},"author":3,"featured_media":14408,"comment_status":"open","ping_status":"open","sticky":false,"template":"","format":"standard","meta":{"wprm-recipe-roundup-name":"","wprm-recipe-roundup-description":"","loftocean_post_primary_category":0,"loftocean_post_format_gallery":"","loftocean_post_format_gallery_ids":"","loftocean_post_format_gallery_urls":"","loftocean_post_format_video_id":0,"loftocean_post_format_video_url":"","loftocean_post_format_video_type":"","loftocean_post_format_video":"","loftocean_post_format_audio_type":"","loftocean_post_format_audio_url":"","loftocean_post_format_audio_id":0,"loftocean_post_format_audio":"","loftocean-featured-post":"","loftocean-like-count":0,"loftocean-view-count":475,"tinysalt_single_post_intro_label":"","tinysalt_single_post_intro_description":"","tinysalt_hide_post_featured_image":"","tinysalt_post_featured_media_position":"","tinysalt_single_site_header_source":"","tinysalt_single_custom_site_header":"0","tinysalt_single_custom_sticky_site_header":"0","tinysalt_single_custom_sticky_site_header_style":"sticky-scroll-up","tinysalt_single_site_footer_source":"","tinysalt_single_custom_site_footer":"0","footnotes":""},"categories":[275,5413],"tags":[483,497,498,2343,2527,2528,2529,2530,2531,2695,2733,2737],"class_list":["post-3786","post","type-post","status-publish","format-standard","has-post-thumbnail","hentry","category-blog","category-quesos","tag-barnivore","tag-bebidas","tag-bebidas-apto-veganos","tag-sandevid","tag-tinto-de-vegano","tag-tinto-de-verano","tag-tinto-de-verano-apto-veganos","tag-tinto-de-verano-sandevid","tag-tinto-de-verano-vegano","tag-vegan-en-espanol","tag-veganismo","tag-veganos-espana"],"yoast_head":"<!-- This site is optimized with the Yoast SEO plugin v27.4 - https:\/\/yoast.com\/product\/yoast-seo-wordpress\/ -->\n<title>TINTO DE VEGANO SANDEVID - Hola Vegan<\/title>\n<meta name=\"description\" content=\"Probamos los nuevos tintos de verano Sandevid apto veganos. Te contamos nuestra opini\u00f3n y con qu\u00e9 los maridamos.\" \/>\n<meta name=\"robots\" content=\"noindex, follow, max-snippet:-1, max-image-preview:large, max-video-preview:-1\" \/>\n<meta property=\"og:locale\" content=\"en_US\" \/>\n<meta property=\"og:type\" content=\"article\" \/>\n<meta property=\"og:title\" content=\"TINTO DE VEGANO SANDEVID - Hola Vegan\" \/>\n<meta property=\"og:description\" content=\"Probamos los nuevos tintos de verano Sandevid apto veganos. Te contamos nuestra opini\u00f3n y con qu\u00e9 los maridamos.\" \/>\n<meta property=\"og:url\" content=\"https:\/\/holavegan.com\/en\/tinto-de-vegano-sandevid\/\" \/>\n<meta property=\"og:site_name\" content=\"Hola Vegan\" \/>\n<meta property=\"article:published_time\" content=\"2019-08-16T14:09:55+00:00\" \/>\n<meta property=\"article:modified_time\" content=\"2026-04-13T09:16:14+00:00\" \/>\n<meta property=\"og:image\" content=\"https:\/\/holavegan.com\/wp-content\/uploads\/2026\/04\/caja.jpg\" \/>\n\t<meta property=\"og:image:width\" content=\"680\" \/>\n\t<meta property=\"og:image:height\" content=\"900\" \/>\n\t<meta property=\"og:image:type\" content=\"image\/jpeg\" \/>\n<meta name=\"author\" content=\"Lorena Raffaelli\" \/>\n<meta name=\"twitter:card\" content=\"summary_large_image\" \/>\n<meta name=\"twitter:label1\" content=\"Written by\" \/>\n\t<meta name=\"twitter:data1\" content=\"Lorena Raffaelli\" \/>\n\t<meta name=\"twitter:label2\" content=\"Est. reading time\" \/>\n\t<meta name=\"twitter:data2\" content=\"3 minutes\" \/>\n<script type=\"application\/ld+json\" class=\"yoast-schema-graph\">{\"@context\":\"https:\\\/\\\/schema.org\",\"@graph\":[{\"@type\":\"Article\",\"@id\":\"https:\\\/\\\/holavegan.com\\\/tinto-de-vegano-sandevid\\\/#article\",\"isPartOf\":{\"@id\":\"https:\\\/\\\/holavegan.com\\\/tinto-de-vegano-sandevid\\\/\"},\"author\":{\"name\":\"Lorena Raffaelli\",\"@id\":\"https:\\\/\\\/holavegan.com\\\/en\\\/#\\\/schema\\\/person\\\/3b0f0fb4cf09b4b866567fda2d1cacdb\"},\"headline\":\"TINTO DE VEGANO SANDEVID\",\"datePublished\":\"2019-08-16T14:09:55+00:00\",\"dateModified\":\"2026-04-13T09:16:14+00:00\",\"mainEntityOfPage\":{\"@id\":\"https:\\\/\\\/holavegan.com\\\/tinto-de-vegano-sandevid\\\/\"},\"wordCount\":544,\"commentCount\":0,\"publisher\":{\"@id\":\"https:\\\/\\\/holavegan.com\\\/en\\\/#organization\"},\"image\":{\"@id\":\"https:\\\/\\\/holavegan.com\\\/tinto-de-vegano-sandevid\\\/#primaryimage\"},\"thumbnailUrl\":\"https:\\\/\\\/holavegan.com\\\/wp-content\\\/uploads\\\/2026\\\/04\\\/caja.jpg\",\"keywords\":[\"barnivore\",\"bebidas\",\"bebidas apto veganos\",\"sandevid\",\"tinto de vegano\",\"tinto de verano\",\"tinto de verano apto veganos\",\"tinto de verano sandevid\",\"tinto de verano vegano\",\"vegan en espa\u00f1ol\",\"veganismo\",\"veganos espa\u00f1a\"],\"articleSection\":[\"Blog\",\"Quesos\"],\"inLanguage\":\"en-US\",\"potentialAction\":[{\"@type\":\"CommentAction\",\"name\":\"Comment\",\"target\":[\"https:\\\/\\\/holavegan.com\\\/tinto-de-vegano-sandevid\\\/#respond\"]}]},{\"@type\":\"WebPage\",\"@id\":\"https:\\\/\\\/holavegan.com\\\/tinto-de-vegano-sandevid\\\/\",\"url\":\"https:\\\/\\\/holavegan.com\\\/tinto-de-vegano-sandevid\\\/\",\"name\":\"TINTO DE VEGANO SANDEVID - Hola Vegan\",\"isPartOf\":{\"@id\":\"https:\\\/\\\/holavegan.com\\\/en\\\/#website\"},\"primaryImageOfPage\":{\"@id\":\"https:\\\/\\\/holavegan.com\\\/tinto-de-vegano-sandevid\\\/#primaryimage\"},\"image\":{\"@id\":\"https:\\\/\\\/holavegan.com\\\/tinto-de-vegano-sandevid\\\/#primaryimage\"},\"thumbnailUrl\":\"https:\\\/\\\/holavegan.com\\\/wp-content\\\/uploads\\\/2026\\\/04\\\/caja.jpg\",\"datePublished\":\"2019-08-16T14:09:55+00:00\",\"dateModified\":\"2026-04-13T09:16:14+00:00\",\"description\":\"Probamos los nuevos tintos de verano Sandevid apto veganos. Te contamos nuestra opini\u00f3n y con qu\u00e9 los maridamos.\",\"breadcrumb\":{\"@id\":\"https:\\\/\\\/holavegan.com\\\/tinto-de-vegano-sandevid\\\/#breadcrumb\"},\"inLanguage\":\"en-US\",\"potentialAction\":[{\"@type\":\"ReadAction\",\"target\":[\"https:\\\/\\\/holavegan.com\\\/tinto-de-vegano-sandevid\\\/\"]}]},{\"@type\":\"ImageObject\",\"inLanguage\":\"en-US\",\"@id\":\"https:\\\/\\\/holavegan.com\\\/tinto-de-vegano-sandevid\\\/#primaryimage\",\"url\":\"https:\\\/\\\/holavegan.com\\\/wp-content\\\/uploads\\\/2026\\\/04\\\/caja.jpg\",\"contentUrl\":\"https:\\\/\\\/holavegan.com\\\/wp-content\\\/uploads\\\/2026\\\/04\\\/caja.jpg\",\"width\":680,\"height\":900},{\"@type\":\"BreadcrumbList\",\"@id\":\"https:\\\/\\\/holavegan.com\\\/tinto-de-vegano-sandevid\\\/#breadcrumb\",\"itemListElement\":[{\"@type\":\"ListItem\",\"position\":1,\"name\":\"Home\",\"item\":\"https:\\\/\\\/holavegan.com\\\/en\\\/\"},{\"@type\":\"ListItem\",\"position\":2,\"name\":\"TINTO DE VEGANO SANDEVID\"}]},{\"@type\":\"WebSite\",\"@id\":\"https:\\\/\\\/holavegan.com\\\/en\\\/#website\",\"url\":\"https:\\\/\\\/holavegan.com\\\/en\\\/\",\"name\":\"Hola Vegan\",\"description\":\"Un blog de las Veganas Hermanas\",\"publisher\":{\"@id\":\"https:\\\/\\\/holavegan.com\\\/en\\\/#organization\"},\"potentialAction\":[{\"@type\":\"SearchAction\",\"target\":{\"@type\":\"EntryPoint\",\"urlTemplate\":\"https:\\\/\\\/holavegan.com\\\/en\\\/?s={search_term_string}\"},\"query-input\":{\"@type\":\"PropertyValueSpecification\",\"valueRequired\":true,\"valueName\":\"search_term_string\"}}],\"inLanguage\":\"en-US\"},{\"@type\":\"Organization\",\"@id\":\"https:\\\/\\\/holavegan.com\\\/en\\\/#organization\",\"name\":\"Hola Vegan\",\"url\":\"https:\\\/\\\/holavegan.com\\\/en\\\/\",\"logo\":{\"@type\":\"ImageObject\",\"inLanguage\":\"en-US\",\"@id\":\"https:\\\/\\\/holavegan.com\\\/en\\\/#\\\/schema\\\/logo\\\/image\\\/\",\"url\":\"https:\\\/\\\/holavegan.com\\\/wp-content\\\/uploads\\\/2023\\\/03\\\/cropped-logo-h@2x-1-2.png\",\"contentUrl\":\"https:\\\/\\\/holavegan.com\\\/wp-content\\\/uploads\\\/2023\\\/03\\\/cropped-logo-h@2x-1-2.png\",\"width\":700,\"height\":200,\"caption\":\"Hola Vegan\"},\"image\":{\"@id\":\"https:\\\/\\\/holavegan.com\\\/en\\\/#\\\/schema\\\/logo\\\/image\\\/\"}},{\"@type\":\"Person\",\"@id\":\"https:\\\/\\\/holavegan.com\\\/en\\\/#\\\/schema\\\/person\\\/3b0f0fb4cf09b4b866567fda2d1cacdb\",\"name\":\"Lorena Raffaelli\",\"image\":{\"@type\":\"ImageObject\",\"inLanguage\":\"en-US\",\"@id\":\"https:\\\/\\\/secure.gravatar.com\\\/avatar\\\/ee18332f8e8696acdf4d0b7d60cc235118ef1160dc148eb4e6b544feced36a75?s=96&d=mm&r=g\",\"url\":\"https:\\\/\\\/secure.gravatar.com\\\/avatar\\\/ee18332f8e8696acdf4d0b7d60cc235118ef1160dc148eb4e6b544feced36a75?s=96&d=mm&r=g\",\"contentUrl\":\"https:\\\/\\\/secure.gravatar.com\\\/avatar\\\/ee18332f8e8696acdf4d0b7d60cc235118ef1160dc148eb4e6b544feced36a75?s=96&d=mm&r=g\",\"caption\":\"Lorena Raffaelli\"},\"url\":\"https:\\\/\\\/holavegan.com\\\/en\\\/author\\\/lorenaraffaelli\\\/\"}]}<\/script>\n<!-- \/ Yoast SEO plugin. -->","yoast_head_json":{"title":"TINTO DE VEGANO SANDEVID - Hola Vegan","description":"Probamos los nuevos tintos de verano Sandevid apto veganos. Te contamos nuestra opini\u00f3n y con qu\u00e9 los maridamos.","robots":{"index":"noindex","follow":"follow","max-snippet":"max-snippet:-1","max-image-preview":"max-image-preview:large","max-video-preview":"max-video-preview:-1"},"og_locale":"en_US","og_type":"article","og_title":"TINTO DE VEGANO SANDEVID - Hola Vegan","og_description":"Probamos los nuevos tintos de verano Sandevid apto veganos. Te contamos nuestra opini\u00f3n y con qu\u00e9 los maridamos.","og_url":"https:\/\/holavegan.com\/en\/tinto-de-vegano-sandevid\/","og_site_name":"Hola Vegan","article_published_time":"2019-08-16T14:09:55+00:00","article_modified_time":"2026-04-13T09:16:14+00:00","og_image":[{"width":680,"height":900,"url":"https:\/\/holavegan.com\/wp-content\/uploads\/2026\/04\/caja.jpg","type":"image\/jpeg"}],"author":"Lorena Raffaelli","twitter_card":"summary_large_image","twitter_misc":{"Written by":"Lorena Raffaelli","Est. reading time":"3 minutes"},"schema":{"@context":"https:\/\/schema.org","@graph":[{"@type":"Article","@id":"https:\/\/holavegan.com\/tinto-de-vegano-sandevid\/#article","isPartOf":{"@id":"https:\/\/holavegan.com\/tinto-de-vegano-sandevid\/"},"author":{"name":"Lorena Raffaelli","@id":"https:\/\/holavegan.com\/en\/#\/schema\/person\/3b0f0fb4cf09b4b866567fda2d1cacdb"},"headline":"TINTO DE VEGANO SANDEVID","datePublished":"2019-08-16T14:09:55+00:00","dateModified":"2026-04-13T09:16:14+00:00","mainEntityOfPage":{"@id":"https:\/\/holavegan.com\/tinto-de-vegano-sandevid\/"},"wordCount":544,"commentCount":0,"publisher":{"@id":"https:\/\/holavegan.com\/en\/#organization"},"image":{"@id":"https:\/\/holavegan.com\/tinto-de-vegano-sandevid\/#primaryimage"},"thumbnailUrl":"https:\/\/holavegan.com\/wp-content\/uploads\/2026\/04\/caja.jpg","keywords":["barnivore","bebidas","bebidas apto veganos","sandevid","tinto de vegano","tinto de verano","tinto de verano apto veganos","tinto de verano sandevid","tinto de verano vegano","vegan en espa\u00f1ol","veganismo","veganos espa\u00f1a"],"articleSection":["Blog","Quesos"],"inLanguage":"en-US","potentialAction":[{"@type":"CommentAction","name":"Comment","target":["https:\/\/holavegan.com\/tinto-de-vegano-sandevid\/#respond"]}]},{"@type":"WebPage","@id":"https:\/\/holavegan.com\/tinto-de-vegano-sandevid\/","url":"https:\/\/holavegan.com\/tinto-de-vegano-sandevid\/","name":"TINTO DE VEGANO SANDEVID - Hola Vegan","isPartOf":{"@id":"https:\/\/holavegan.com\/en\/#website"},"primaryImageOfPage":{"@id":"https:\/\/holavegan.com\/tinto-de-vegano-sandevid\/#primaryimage"},"image":{"@id":"https:\/\/holavegan.com\/tinto-de-vegano-sandevid\/#primaryimage"},"thumbnailUrl":"https:\/\/holavegan.com\/wp-content\/uploads\/2026\/04\/caja.jpg","datePublished":"2019-08-16T14:09:55+00:00","dateModified":"2026-04-13T09:16:14+00:00","description":"Probamos los nuevos tintos de verano Sandevid apto veganos. Te contamos nuestra opini\u00f3n y con qu\u00e9 los maridamos.","breadcrumb":{"@id":"https:\/\/holavegan.com\/tinto-de-vegano-sandevid\/#breadcrumb"},"inLanguage":"en-US","potentialAction":[{"@type":"ReadAction","target":["https:\/\/holavegan.com\/tinto-de-vegano-sandevid\/"]}]},{"@type":"ImageObject","inLanguage":"en-US","@id":"https:\/\/holavegan.com\/tinto-de-vegano-sandevid\/#primaryimage","url":"https:\/\/holavegan.com\/wp-content\/uploads\/2026\/04\/caja.jpg","contentUrl":"https:\/\/holavegan.com\/wp-content\/uploads\/2026\/04\/caja.jpg","width":680,"height":900},{"@type":"BreadcrumbList","@id":"https:\/\/holavegan.com\/tinto-de-vegano-sandevid\/#breadcrumb","itemListElement":[{"@type":"ListItem","position":1,"name":"Home","item":"https:\/\/holavegan.com\/en\/"},{"@type":"ListItem","position":2,"name":"TINTO DE VEGANO SANDEVID"}]},{"@type":"WebSite","@id":"https:\/\/holavegan.com\/en\/#website","url":"https:\/\/holavegan.com\/en\/","name":"Hello Vegan","description":"Un blog de las Veganas Hermanas","publisher":{"@id":"https:\/\/holavegan.com\/en\/#organization"},"potentialAction":[{"@type":"SearchAction","target":{"@type":"EntryPoint","urlTemplate":"https:\/\/holavegan.com\/en\/?s={search_term_string}"},"query-input":{"@type":"PropertyValueSpecification","valueRequired":true,"valueName":"search_term_string"}}],"inLanguage":"en-US"},{"@type":"Organization","@id":"https:\/\/holavegan.com\/en\/#organization","name":"Hello Vegan","url":"https:\/\/holavegan.com\/en\/","logo":{"@type":"ImageObject","inLanguage":"en-US","@id":"https:\/\/holavegan.com\/en\/#\/schema\/logo\/image\/","url":"https:\/\/holavegan.com\/wp-content\/uploads\/2023\/03\/cropped-logo-h@2x-1-2.png","contentUrl":"https:\/\/holavegan.com\/wp-content\/uploads\/2023\/03\/cropped-logo-h@2x-1-2.png","width":700,"height":200,"caption":"Hola Vegan"},"image":{"@id":"https:\/\/holavegan.com\/en\/#\/schema\/logo\/image\/"}},{"@type":"Person","@id":"https:\/\/holavegan.com\/en\/#\/schema\/person\/3b0f0fb4cf09b4b866567fda2d1cacdb","name":"Lorena Raffaelli","image":{"@type":"ImageObject","inLanguage":"en-US","@id":"https:\/\/secure.gravatar.com\/avatar\/ee18332f8e8696acdf4d0b7d60cc235118ef1160dc148eb4e6b544feced36a75?s=96&d=mm&r=g","url":"https:\/\/secure.gravatar.com\/avatar\/ee18332f8e8696acdf4d0b7d60cc235118ef1160dc148eb4e6b544feced36a75?s=96&d=mm&r=g","contentUrl":"https:\/\/secure.gravatar.com\/avatar\/ee18332f8e8696acdf4d0b7d60cc235118ef1160dc148eb4e6b544feced36a75?s=96&d=mm&r=g","caption":"Lorena Raffaelli"},"url":"https:\/\/holavegan.com\/en\/author\/lorenaraffaelli\/"}]}},"featured_image_src":"https:\/\/holavegan.com\/wp-content\/uploads\/2026\/04\/caja-600x400.jpg","featured_image_src_square":"https:\/\/holavegan.com\/wp-content\/uploads\/2026\/04\/caja-600x600.jpg","author_info":{"display_name":"Lorena Raffaelli","author_link":"https:\/\/holavegan.com\/en\/author\/lorenaraffaelli\/"},"_links":{"self":[{"href":"https:\/\/holavegan.com\/en\/wp-json\/wp\/v2\/posts\/3786","targetHints":{"allow":["GET"]}}],"collection":[{"href":"https:\/\/holavegan.com\/en\/wp-json\/wp\/v2\/posts"}],"about":[{"href":"https:\/\/holavegan.com\/en\/wp-json\/wp\/v2\/types\/post"}],"author":[{"embeddable":true,"href":"https:\/\/holavegan.com\/en\/wp-json\/wp\/v2\/users\/3"}],"replies":[{"embeddable":true,"href":"https:\/\/holavegan.com\/en\/wp-json\/wp\/v2\/comments?post=3786"}],"version-history":[{"count":0,"href":"https:\/\/holavegan.com\/en\/wp-json\/wp\/v2\/posts\/3786\/revisions"}],"wp:featuredmedia":[{"embeddable":true,"href":"https:\/\/holavegan.com\/en\/wp-json\/wp\/v2\/media\/14408"}],"wp:attachment":[{"href":"https:\/\/holavegan.com\/en\/wp-json\/wp\/v2\/media?parent=3786"}],"wp:term":[{"taxonomy":"category","embeddable":true,"href":"https:\/\/holavegan.com\/en\/wp-json\/wp\/v2\/categories?post=3786"},{"taxonomy":"post_tag","embeddable":true,"href":"https:\/\/holavegan.com\/en\/wp-json\/wp\/v2\/tags?post=3786"}],"curies":[{"name":"wp","href":"https:\/\/api.w.org\/{rel}","templated":true}]}}