{"id":6605,"date":"2021-01-18T16:56:48","date_gmt":"2021-01-18T19:56:48","guid":{"rendered":"https:\/\/holavegan.com\/?p=6605"},"modified":"2026-04-12T18:24:55","modified_gmt":"2026-04-12T21:24:55","slug":"pepas-de-membrillo","status":"publish","type":"post","link":"https:\/\/holavegan.com\/en\/pepas-de-membrillo\/","title":{"rendered":"Pepas de membrillo"},"content":{"rendered":"<div class=\"wp-block-image\"><figure class=\"aligncenter size-large\"><img decoding=\"async\" src=\"https:\/\/holaveganc1dev.wpenginepowered.com\/wp-content\/uploads\/2021\/01\/pepas1.jpg\" alt=\"\" class=\"wp-image-6606\"\/><\/figure><\/div>\n\n\n\n<p>No es novedad que somos fan\u00e1ticas de las pepas a la hora del mate. Ac\u00e1 en el blog tenemos estas <a rel=\"noreferrer noopener\" href=\"https:\/\/holaveganc1dev.wpenginepowered.com\/vegan-pepas-con-mermelada-de-frambuesas\/\" target=\"_blank\">de frambuesa<\/a> y <a href=\"https:\/\/holaveganc1dev.wpenginepowered.com\/pepas-almendras-frambuesa\/\" target=\"_blank\" rel=\"noreferrer noopener\">estas otras<\/a> de frambuesa tambi\u00e9n pero <em>gluten free<\/em>. Cualquiera de las dos podr\u00eda usarse como base de las pepas de memebrillo, peeeeeeeeeeeero yo eleg\u00ed otra base que para m\u00ed es infalible.<\/p>\n\n\n\n<div class=\"wp-block-image\"><figure class=\"aligncenter size-large\"><img decoding=\"async\" src=\"https:\/\/holaveganc1dev.wpenginepowered.com\/wp-content\/uploads\/2021\/01\/pepas2.jpg\" alt=\"\" class=\"wp-image-6607\"\/><figcaption>El mate cactus es de <a rel=\"noreferrer noopener\" href=\"https:\/\/www.instagram.com\/ineobjetos\/\" target=\"_blank\">Ine Objetos<\/a>.<\/figcaption><\/figure><\/div>\n\n\n\n<p>Se trata de nuestra cl\u00e1sica masa de pastafrola, receta original de la m\u00e1s peque\u00f1a de este tr\u00edo herman\u00edstico. La receta de esta pastafrola no est\u00e1 ac\u00e1 en el blog -s\u00ed en nuestro libro <a rel=\"noreferrer noopener\" href=\"https:\/\/holaveganc1dev.wpenginepowered.com\/comida-tipica-argentina-vegana\/\" target=\"_blank\">Comida T\u00edpica Argentina Vegana<\/a>-, as\u00ed que le ped\u00ed permiso a Sabri para compartir sus saberes y recomendaciones en este medio. Si en lugar de hacer pepas quieren hacer pastafrola, ya saben, duplican cantidades y listo.<\/p>\n\n\n\n<div class=\"wp-block-image\"><figure class=\"aligncenter size-large\"><img decoding=\"async\" src=\"https:\/\/holaveganc1dev.wpenginepowered.com\/wp-content\/uploads\/2021\/01\/pepas3.jpg\" alt=\"\" class=\"wp-image-6608\"\/><\/figure><\/div>\n\n\n\n<p>Elijo esta masa porque quedan con una consistencia \u00fanica, crocantes y suaves al mismo tiempo, y un sabor apto todo paladar. Es muy f\u00e1cil de hacer y puede guardarse en el freezer cruda, en forma de cilindro ya cortado en rodajas y sacarse unos minutos antes de prender el horno para tener pepas reci\u00e9n hechas cuando quieras.<\/p>\n\n\n\n<p>De m\u00e1s est\u00e1 aclarar que si no les gusta el membrillo, pueden hacerlas de batata o de la mermelada que quieran, incluso hasta de <a rel=\"noreferrer noopener\" href=\"https:\/\/holaveganc1dev.wpenginepowered.com\/dulce-de-leche-repostero\/\" target=\"_blank\">Caramel candy<\/a>.<\/p>\n\n\n<div id=\"recipe\"><\/div><div id=\"wprm-recipe-container-6610\" class=\"wprm-recipe-container\" data-recipe-id=\"6610\" data-servings=\"0\"><div class=\"wprm-recipe wprm-recipe-template-tinysalt-recipe\"><div class=\"wprm-recipe-template-ts-container\">\n    <div class=\"wprm-ts-top\">\n        <div class=\"wprm-ts-img\">\n            \n        <\/div>\n        \n        <div class=\"wprm-ts-buttons\">\n            <a href=\"https:\/\/holavegan.com\/en\/wprm_print\/pepas-de-membrillo\" style=\"color: #ffffff;background-color: #ffffff;border-color: #ffffff;border-radius: 100px;padding: 0px 8px;\" class=\"wprm-recipe-print wprm-recipe-link wprm-print-recipe-shortcode wprm-block-text-bold wprm-recipe-print-inline-button wprm-recipe-link-inline-button wprm-color-accent\" data-recipe-id=\"6610\" data-template=\"\" target=\"_blank\" rel=\"nofollow\" aria-label=\"Print Recipe\"><span class=\"wprm-recipe-icon wprm-recipe-print-icon\"><svg xmlns=\"http:\/\/www.w3.org\/2000\/svg\" xmlns:xlink=\"http:\/\/www.w3.org\/1999\/xlink\" x=\"0px\" y=\"0px\" width=\"16px\" height=\"16px\" viewbox=\"0 0 24 24\"><g ><path fill=\"#000000\" d=\"M19,5.09V1c0-0.552-0.448-1-1-1H6C5.448,0,5,0.448,5,1v4.09C2.167,5.569,0,8.033,0,11v7c0,0.552,0.448,1,1,1h4v4c0,0.552,0.448,1,1,1h12c0.552,0,1-0.448,1-1v-4h4c0.552,0,1-0.448,1-1v-7C24,8.033,21.833,5.569,19,5.09z M7,2h10v3H7V2z M17,22H7v-9h10V22z M18,10c-0.552,0-1-0.448-1-1c0-0.552,0.448-1,1-1s1,0.448,1,1C19,9.552,18.552,10,18,10z\"\/><\/g><\/svg><\/span> <\/a>\n            \n        <\/div>\n    <\/div>\n    \n    <div class=\"wprm-ts-header\">   \n        \n        <h2 class=\"wprm-recipe-name wprm-block-text-bold\">Pepas de membrillo<\/h2>\n        \n    <\/div>\n    \n    <div class=\"wprm-ts-main-meta\">\n        \n        \n    <\/div>\n    \n    <div class=\"wprm-ts-equipment-ingredients\">\n        \n        <div id=\"recipe-6610-ingredients\" class=\"wprm-recipe-ingredients-container wprm-recipe-ingredients-no-images wprm-recipe-6610-ingredients-container wprm-block-text-normal wprm-ingredient-style-regular wprm-recipe-images-before\" data-recipe=\"6610\" data-servings=\"0\"><h3 class=\"wprm-recipe-header wprm-recipe-ingredients-header wprm-block-text-bold wprm-align-left wprm-header-decoration-none\" style=\"\">Ingredients<\/h3><div class=\"wprm-recipe-ingredient-group\"><h4 class=\"wprm-recipe-group-name wprm-recipe-ingredient-group-name wprm-block-text-bold\">Para la masa:<\/h4><ul class=\"wprm-recipe-ingredients\"><li class=\"wprm-recipe-ingredient\" style=\"list-style-type: disc;\" data-uid=\"-1\"><span class=\"wprm-recipe-ingredient-amount\">1 y \u00bc<\/span>&#32;<span class=\"wprm-recipe-ingredient-unit\">tazas de<\/span>&#32;<span class=\"wprm-recipe-ingredient-name\">harina 000 <\/span><\/li><li class=\"wprm-recipe-ingredient\" style=\"list-style-type: disc;\" data-uid=\"-1\"><span class=\"wprm-recipe-ingredient-amount\">\u2154<\/span>&#32;<span class=\"wprm-recipe-ingredient-unit\">tazas de<\/span>&#32;<span class=\"wprm-recipe-ingredient-name\">f\u00e9cula de ma\u00edz <\/span><\/li><li class=\"wprm-recipe-ingredient\" style=\"list-style-type: disc;\" data-uid=\"-1\"><span class=\"wprm-recipe-ingredient-amount\">\u00be<\/span>&#32;<span class=\"wprm-recipe-ingredient-unit\">tazas de<\/span>&#32;<span class=\"wprm-recipe-ingredient-name\">az\u00facar impalpable<\/span><\/li><li class=\"wprm-recipe-ingredient\" style=\"list-style-type: disc;\" data-uid=\"-1\"><span class=\"wprm-recipe-ingredient-name\">Ralladura de \u00bd lim\u00f3n<\/span><\/li><li class=\"wprm-recipe-ingredient\" style=\"list-style-type: disc;\" data-uid=\"-1\"><span class=\"wprm-recipe-ingredient-amount\">150<\/span>&#32;<span class=\"wprm-recipe-ingredient-unit\">G day<\/span>&#32;<span class=\"wprm-recipe-ingredient-name\">margarina vegetal<\/span><\/li><\/ul><\/div><div class=\"wprm-recipe-ingredient-group\"><h4 class=\"wprm-recipe-group-name wprm-recipe-ingredient-group-name wprm-block-text-bold\">Adem\u00e1s:<\/h4><ul class=\"wprm-recipe-ingredients\"><li class=\"wprm-recipe-ingredient\" style=\"list-style-type: disc;\" data-uid=\"-1\"><span class=\"wprm-recipe-ingredient-amount\">150<\/span>&#32;<span class=\"wprm-recipe-ingredient-unit\">G day<\/span>&#32;<span class=\"wprm-recipe-ingredient-name\">dulce de membrillo<\/span><\/li><\/ul><\/div><\/div>\n    <\/div>\n    \n    <div class=\"wprm-ts-instructions\">\n        <div id=\"recipe-6610-instructions\" class=\"wprm-recipe-instructions-container wprm-recipe-6610-instructions-container wprm-block-text-normal\" data-recipe=\"6610\"><h3 class=\"wprm-recipe-header wprm-recipe-instructions-header wprm-block-text-bold wprm-align-left wprm-header-decoration-none\" style=\"\">Instructions<\/h3><div class=\"wprm-recipe-instruction-group\"><h4 class=\"wprm-recipe-group-name wprm-recipe-instruction-group-name wprm-block-text-bold\">Para la masa:<\/h4><ul class=\"wprm-recipe-instructions\"><li id=\"wprm-recipe-6610-step-0-0\" class=\"wprm-recipe-instruction\" style=\"list-style-type: decimal;\"><div class=\"wprm-recipe-instruction-text\" style=\"margin-bottom: 20px;\"><span style=\"display: block;\">En un bol, colocar el az\u00facar, la margarina y la ralladura de lim\u00f3n, mezclar hasta unir en una pasta.<\/span><\/div><\/li><li id=\"wprm-recipe-6610-step-0-1\" class=\"wprm-recipe-instruction\" style=\"list-style-type: decimal;\"><div class=\"wprm-recipe-instruction-text\" style=\"margin-bottom: 20px;\"><span style=\"display: block;\">En otro bol, mezclar la harina con la f\u00e9cula.<\/span><\/div><\/li><li id=\"wprm-recipe-6610-step-0-2\" class=\"wprm-recipe-instruction\" style=\"list-style-type: decimal;\"><div class=\"wprm-recipe-instruction-text\" style=\"margin-bottom: 20px;\"><span style=\"display: block;\">Agregar de a poco la mezcla de harina al bol con la pasta de margarina y az\u00facar, incorporar con las manos hasta formar un bollo tierno. (Si hiciera falta, agregar unas gotas de agua fr\u00eda para unir la masa).<\/span><\/div><\/li><li id=\"wprm-recipe-6610-step-0-3\" class=\"wprm-recipe-instruction\" style=\"list-style-type: decimal;\"><div class=\"wprm-recipe-instruction-text\" style=\"margin-bottom: 20px;\"><span style=\"display: block;\">Dejar reposar la masa en heladera por 10 minutos. <\/span><\/div><\/li><li id=\"wprm-recipe-6610-step-0-4\" class=\"wprm-recipe-instruction\" style=\"list-style-type: decimal;\"><div class=\"wprm-recipe-instruction-text\" style=\"margin-bottom: 20px;\"><span style=\"display: block;\">Retirar y formar un cilindro. Cortar rodajas de aproximadamente 1 a 1,5 cm de espesor y colocarlas en una placa para horno, distantes entre s\u00ed, porque tienden a ensancharse debido a la gran presencia de margarina.<\/span><\/div><\/li><li id=\"wprm-recipe-6610-step-0-5\" class=\"wprm-recipe-instruction\" style=\"list-style-type: decimal;\"><div class=\"wprm-recipe-instruction-text\" style=\"margin-bottom: 20px;\"><span style=\"display: block;\">Ahuecarlas con la yema del dedo en el centro y rellenar con el dulce de membrillo. Si el dulce es demasiado firme, calentarlo unos minutos en una cacerolita con un chorritode agua hasta que se vuelva m\u00e1s cremoso.<\/span><\/div><\/li><li id=\"wprm-recipe-6610-step-0-6\" class=\"wprm-recipe-instruction\" style=\"list-style-type: decimal;\"><div class=\"wprm-recipe-instruction-text\" style=\"margin-bottom: 20px;\"><span style=\"display: block;\">Cocinar en horno precalentado a 200 \u00baC por 10 a 12 minutos. Dejar enfriar antes de servir.<\/span><\/div><\/li><\/ul><\/div><\/div>\n        <div id=\"recipe-video\"><\/div>\n    <\/div>\n    \n    \n    \n    <div class=\"wprm-ts-meta\">\n        \n        \n        \n        <div class=\"wprm-recipe-meta-container wprm-recipe-tags-container wprm-recipe-details-container wprm-recipe-details-container-inline wprm-block-text-normal\"><div class=\"wprm-recipe-block-container wprm-recipe-block-container-inline wprm-block-text-normal wprm-recipe-tag-container wprm-recipe-course-container\" style=\"\"><span class=\"wprm-recipe-icon wprm-recipe-tag-icon wprm-recipe-course-icon\"><svg xmlns=\"http:\/\/www.w3.org\/2000\/svg\" xmlns:xlink=\"http:\/\/www.w3.org\/1999\/xlink\" x=\"0px\" y=\"0px\" width=\"16px\" height=\"16px\" viewbox=\"0 0 24 24\"><g ><path fill=\"#333333\" d=\"M22.707,12.293l-11-11C11.52,1.106,11.265,1,11,1H2C1.448,1,1,1.448,1,2v9c0,0.265,0.105,0.52,0.293,0.707l11,11C12.488,22.903,12.744,23,13,23s0.512-0.098,0.707-0.293l9-9C23.098,13.317,23.098,12.684,22.707,12.293z M7,9C5.895,9,5,8.105,5,7c0-1.105,0.895-2,2-2s2,0.895,2,2C9,8.105,8.105,9,7,9z M13,17.414L8.586,13L10,11.586L14.414,16L13,17.414z M16,14.414L11.586,10L13,8.586L17.414,13L16,14.414z\"\/><\/g><\/svg><\/span> <span class=\"wprm-recipe-details-label wprm-block-text-bold wprm-recipe-tag-label wprm-recipe-course-label\">Plato: <\/span><span class=\"wprm-recipe-course wprm-block-text-normal\">Breakfast and snack<\/span><\/div><\/div>\n    <\/div>\n    \n    \n<\/div><\/div><\/div>","protected":false},"excerpt":{"rendered":"<p>No es novedad que somos fan\u00e1ticas de las pepas a la hora del mate. Ac\u00e1 en el blog tenemos estas de frambuesa y estas otras de frambuesa tambi\u00e9n pero gluten free. Cualquiera de las dos podr\u00eda usarse como base de las pepas de memebrillo, peeeeeeeeeeeero yo eleg\u00ed otra base que para m\u00ed es infalible. Se &#8230;<\/p>","protected":false},"author":5,"featured_media":14660,"comment_status":"open","ping_status":"open","sticky":false,"template":"","format":"standard","meta":{"wprm-recipe-roundup-name":"","wprm-recipe-roundup-description":"","loftocean_post_primary_category":0,"loftocean_post_format_gallery":"","loftocean_post_format_gallery_ids":"","loftocean_post_format_gallery_urls":"","loftocean_post_format_video_id":0,"loftocean_post_format_video_url":"","loftocean_post_format_video_type":"","loftocean_post_format_video":"","loftocean_post_format_audio_type":"","loftocean_post_format_audio_url":"","loftocean_post_format_audio_id":0,"loftocean_post_format_audio":"","loftocean-featured-post":"","loftocean-like-count":0,"loftocean-view-count":2081,"tinysalt_single_post_intro_label":"","tinysalt_single_post_intro_description":"","tinysalt_hide_post_featured_image":"","tinysalt_post_featured_media_position":"","tinysalt_single_site_header_source":"","tinysalt_single_custom_site_header":"0","tinysalt_single_custom_sticky_site_header":"0","tinysalt_single_custom_sticky_site_header_style":"sticky-scroll-up","tinysalt_single_site_footer_source":"","tinysalt_single_custom_site_footer":"0","footnotes":""},"categories":[5410,5409,315],"tags":[1953,1958,1959],"class_list":["post-6605","post","type-post","status-publish","format-standard","has-post-thumbnail","hentry","category-desayuno-y-merienda","category-dulces-y-postres","category-recetas","tag-pepas","tag-pepas-de-membrillo","tag-pepas-veganas"],"yoast_head":"<!-- This site is optimized with the Yoast SEO plugin v27.4 - https:\/\/yoast.com\/product\/yoast-seo-wordpress\/ -->\n<title>Pepas de membrillo - Hola Vegan<\/title>\n<meta name=\"robots\" content=\"noindex, follow, max-snippet:-1, max-image-preview:large, max-video-preview:-1\" \/>\n<meta property=\"og:locale\" content=\"en_US\" \/>\n<meta property=\"og:type\" content=\"article\" \/>\n<meta property=\"og:title\" content=\"Pepas de membrillo - Hola Vegan\" \/>\n<meta property=\"og:description\" content=\"No es novedad que somos fan\u00e1ticas de las pepas a la hora del mate. Ac\u00e1 en el blog tenemos estas de frambuesa y estas otras de frambuesa tambi\u00e9n pero gluten free. Cualquiera de las dos podr\u00eda usarse como base de las pepas de memebrillo, peeeeeeeeeeeero yo eleg\u00ed otra base que para m\u00ed es infalible. Se ...\" \/>\n<meta property=\"og:url\" content=\"https:\/\/holavegan.com\/en\/pepas-de-membrillo\/\" \/>\n<meta property=\"og:site_name\" content=\"Hola Vegan\" \/>\n<meta property=\"article:published_time\" content=\"2021-01-18T19:56:48+00:00\" \/>\n<meta property=\"article:modified_time\" content=\"2026-04-12T21:24:55+00:00\" \/>\n<meta property=\"og:image\" content=\"https:\/\/holavegan.com\/wp-content\/uploads\/2026\/04\/pepas1.jpg\" \/>\n\t<meta property=\"og:image:width\" content=\"680\" \/>\n\t<meta property=\"og:image:height\" content=\"900\" \/>\n\t<meta property=\"og:image:type\" content=\"image\/jpeg\" \/>\n<meta name=\"author\" content=\"maruraffaelli\" \/>\n<meta name=\"twitter:card\" content=\"summary_large_image\" \/>\n<meta name=\"twitter:label1\" content=\"Written by\" \/>\n\t<meta name=\"twitter:data1\" content=\"maruraffaelli\" \/>\n\t<meta name=\"twitter:label2\" content=\"Est. reading time\" \/>\n\t<meta name=\"twitter:data2\" content=\"2 minutes\" \/>\n<script type=\"application\/ld+json\" class=\"yoast-schema-graph\">{\"@context\":\"https:\\\/\\\/schema.org\",\"@graph\":[{\"@type\":\"Article\",\"@id\":\"https:\\\/\\\/holavegan.com\\\/pepas-de-membrillo\\\/#article\",\"isPartOf\":{\"@id\":\"https:\\\/\\\/holavegan.com\\\/pepas-de-membrillo\\\/\"},\"author\":{\"name\":\"maruraffaelli\",\"@id\":\"https:\\\/\\\/holavegan.com\\\/en\\\/#\\\/schema\\\/person\\\/aa24c98a0616a6d0d2670f324ce76b04\"},\"headline\":\"Pepas de membrillo\",\"datePublished\":\"2021-01-18T19:56:48+00:00\",\"dateModified\":\"2026-04-12T21:24:55+00:00\",\"mainEntityOfPage\":{\"@id\":\"https:\\\/\\\/holavegan.com\\\/pepas-de-membrillo\\\/\"},\"wordCount\":435,\"commentCount\":4,\"publisher\":{\"@id\":\"https:\\\/\\\/holavegan.com\\\/en\\\/#organization\"},\"image\":{\"@id\":\"https:\\\/\\\/holavegan.com\\\/pepas-de-membrillo\\\/#primaryimage\"},\"thumbnailUrl\":\"https:\\\/\\\/holavegan.com\\\/wp-content\\\/uploads\\\/2026\\\/04\\\/pepas1.jpg\",\"keywords\":[\"pepas\",\"pepas de membrillo\",\"pepas veganas\"],\"articleSection\":[\"Desayuno y merienda\",\"Dulces y postres\",\"Recetas\"],\"inLanguage\":\"en-US\",\"potentialAction\":[{\"@type\":\"CommentAction\",\"name\":\"Comment\",\"target\":[\"https:\\\/\\\/holavegan.com\\\/pepas-de-membrillo\\\/#respond\"]}]},{\"@type\":\"WebPage\",\"@id\":\"https:\\\/\\\/holavegan.com\\\/pepas-de-membrillo\\\/\",\"url\":\"https:\\\/\\\/holavegan.com\\\/pepas-de-membrillo\\\/\",\"name\":\"Pepas de membrillo - Hola Vegan\",\"isPartOf\":{\"@id\":\"https:\\\/\\\/holavegan.com\\\/en\\\/#website\"},\"primaryImageOfPage\":{\"@id\":\"https:\\\/\\\/holavegan.com\\\/pepas-de-membrillo\\\/#primaryimage\"},\"image\":{\"@id\":\"https:\\\/\\\/holavegan.com\\\/pepas-de-membrillo\\\/#primaryimage\"},\"thumbnailUrl\":\"https:\\\/\\\/holavegan.com\\\/wp-content\\\/uploads\\\/2026\\\/04\\\/pepas1.jpg\",\"datePublished\":\"2021-01-18T19:56:48+00:00\",\"dateModified\":\"2026-04-12T21:24:55+00:00\",\"breadcrumb\":{\"@id\":\"https:\\\/\\\/holavegan.com\\\/pepas-de-membrillo\\\/#breadcrumb\"},\"inLanguage\":\"en-US\",\"potentialAction\":[{\"@type\":\"ReadAction\",\"target\":[\"https:\\\/\\\/holavegan.com\\\/pepas-de-membrillo\\\/\"]}]},{\"@type\":\"ImageObject\",\"inLanguage\":\"en-US\",\"@id\":\"https:\\\/\\\/holavegan.com\\\/pepas-de-membrillo\\\/#primaryimage\",\"url\":\"https:\\\/\\\/holavegan.com\\\/wp-content\\\/uploads\\\/2026\\\/04\\\/pepas1.jpg\",\"contentUrl\":\"https:\\\/\\\/holavegan.com\\\/wp-content\\\/uploads\\\/2026\\\/04\\\/pepas1.jpg\",\"width\":680,\"height\":900},{\"@type\":\"BreadcrumbList\",\"@id\":\"https:\\\/\\\/holavegan.com\\\/pepas-de-membrillo\\\/#breadcrumb\",\"itemListElement\":[{\"@type\":\"ListItem\",\"position\":1,\"name\":\"Home\",\"item\":\"https:\\\/\\\/holavegan.com\\\/en\\\/\"},{\"@type\":\"ListItem\",\"position\":2,\"name\":\"Pepas de membrillo\"}]},{\"@type\":\"WebSite\",\"@id\":\"https:\\\/\\\/holavegan.com\\\/en\\\/#website\",\"url\":\"https:\\\/\\\/holavegan.com\\\/en\\\/\",\"name\":\"Hola Vegan\",\"description\":\"Un blog de las Veganas Hermanas\",\"publisher\":{\"@id\":\"https:\\\/\\\/holavegan.com\\\/en\\\/#organization\"},\"potentialAction\":[{\"@type\":\"SearchAction\",\"target\":{\"@type\":\"EntryPoint\",\"urlTemplate\":\"https:\\\/\\\/holavegan.com\\\/en\\\/?s={search_term_string}\"},\"query-input\":{\"@type\":\"PropertyValueSpecification\",\"valueRequired\":true,\"valueName\":\"search_term_string\"}}],\"inLanguage\":\"en-US\"},{\"@type\":\"Organization\",\"@id\":\"https:\\\/\\\/holavegan.com\\\/en\\\/#organization\",\"name\":\"Hola Vegan\",\"url\":\"https:\\\/\\\/holavegan.com\\\/en\\\/\",\"logo\":{\"@type\":\"ImageObject\",\"inLanguage\":\"en-US\",\"@id\":\"https:\\\/\\\/holavegan.com\\\/en\\\/#\\\/schema\\\/logo\\\/image\\\/\",\"url\":\"https:\\\/\\\/holavegan.com\\\/wp-content\\\/uploads\\\/2023\\\/03\\\/cropped-logo-h@2x-1-2.png\",\"contentUrl\":\"https:\\\/\\\/holavegan.com\\\/wp-content\\\/uploads\\\/2023\\\/03\\\/cropped-logo-h@2x-1-2.png\",\"width\":700,\"height\":200,\"caption\":\"Hola Vegan\"},\"image\":{\"@id\":\"https:\\\/\\\/holavegan.com\\\/en\\\/#\\\/schema\\\/logo\\\/image\\\/\"}},{\"@type\":\"Person\",\"@id\":\"https:\\\/\\\/holavegan.com\\\/en\\\/#\\\/schema\\\/person\\\/aa24c98a0616a6d0d2670f324ce76b04\",\"name\":\"maruraffaelli\",\"image\":{\"@type\":\"ImageObject\",\"inLanguage\":\"en-US\",\"@id\":\"https:\\\/\\\/secure.gravatar.com\\\/avatar\\\/a9b307f88aff844bec38ba98fdb05244cf321a024902a59afac070e8695b5f59?s=96&d=mm&r=g\",\"url\":\"https:\\\/\\\/secure.gravatar.com\\\/avatar\\\/a9b307f88aff844bec38ba98fdb05244cf321a024902a59afac070e8695b5f59?s=96&d=mm&r=g\",\"contentUrl\":\"https:\\\/\\\/secure.gravatar.com\\\/avatar\\\/a9b307f88aff844bec38ba98fdb05244cf321a024902a59afac070e8695b5f59?s=96&d=mm&r=g\",\"caption\":\"maruraffaelli\"},\"url\":\"https:\\\/\\\/holavegan.com\\\/en\\\/author\\\/maruraffaelli\\\/\"}]}<\/script>\n<!-- \/ Yoast SEO plugin. -->","yoast_head_json":{"title":"Pepas de membrillo - Hola Vegan","robots":{"index":"noindex","follow":"follow","max-snippet":"max-snippet:-1","max-image-preview":"max-image-preview:large","max-video-preview":"max-video-preview:-1"},"og_locale":"en_US","og_type":"article","og_title":"Pepas de membrillo - Hola Vegan","og_description":"No es novedad que somos fan\u00e1ticas de las pepas a la hora del mate. Ac\u00e1 en el blog tenemos estas de frambuesa y estas otras de frambuesa tambi\u00e9n pero gluten free. Cualquiera de las dos podr\u00eda usarse como base de las pepas de memebrillo, peeeeeeeeeeeero yo eleg\u00ed otra base que para m\u00ed es infalible. Se ...","og_url":"https:\/\/holavegan.com\/en\/pepas-de-membrillo\/","og_site_name":"Hola Vegan","article_published_time":"2021-01-18T19:56:48+00:00","article_modified_time":"2026-04-12T21:24:55+00:00","og_image":[{"width":680,"height":900,"url":"https:\/\/holavegan.com\/wp-content\/uploads\/2026\/04\/pepas1.jpg","type":"image\/jpeg"}],"author":"maruraffaelli","twitter_card":"summary_large_image","twitter_misc":{"Written by":"maruraffaelli","Est. reading time":"2 minutes"},"schema":{"@context":"https:\/\/schema.org","@graph":[{"@type":"Article","@id":"https:\/\/holavegan.com\/pepas-de-membrillo\/#article","isPartOf":{"@id":"https:\/\/holavegan.com\/pepas-de-membrillo\/"},"author":{"name":"maruraffaelli","@id":"https:\/\/holavegan.com\/en\/#\/schema\/person\/aa24c98a0616a6d0d2670f324ce76b04"},"headline":"Pepas de membrillo","datePublished":"2021-01-18T19:56:48+00:00","dateModified":"2026-04-12T21:24:55+00:00","mainEntityOfPage":{"@id":"https:\/\/holavegan.com\/pepas-de-membrillo\/"},"wordCount":435,"commentCount":4,"publisher":{"@id":"https:\/\/holavegan.com\/en\/#organization"},"image":{"@id":"https:\/\/holavegan.com\/pepas-de-membrillo\/#primaryimage"},"thumbnailUrl":"https:\/\/holavegan.com\/wp-content\/uploads\/2026\/04\/pepas1.jpg","keywords":["pepas","pepas de membrillo","pepas veganas"],"articleSection":["Desayuno y merienda","Dulces y postres","Recetas"],"inLanguage":"en-US","potentialAction":[{"@type":"CommentAction","name":"Comment","target":["https:\/\/holavegan.com\/pepas-de-membrillo\/#respond"]}]},{"@type":"WebPage","@id":"https:\/\/holavegan.com\/pepas-de-membrillo\/","url":"https:\/\/holavegan.com\/pepas-de-membrillo\/","name":"Pepas de membrillo - Hola Vegan","isPartOf":{"@id":"https:\/\/holavegan.com\/en\/#website"},"primaryImageOfPage":{"@id":"https:\/\/holavegan.com\/pepas-de-membrillo\/#primaryimage"},"image":{"@id":"https:\/\/holavegan.com\/pepas-de-membrillo\/#primaryimage"},"thumbnailUrl":"https:\/\/holavegan.com\/wp-content\/uploads\/2026\/04\/pepas1.jpg","datePublished":"2021-01-18T19:56:48+00:00","dateModified":"2026-04-12T21:24:55+00:00","breadcrumb":{"@id":"https:\/\/holavegan.com\/pepas-de-membrillo\/#breadcrumb"},"inLanguage":"en-US","potentialAction":[{"@type":"ReadAction","target":["https:\/\/holavegan.com\/pepas-de-membrillo\/"]}]},{"@type":"ImageObject","inLanguage":"en-US","@id":"https:\/\/holavegan.com\/pepas-de-membrillo\/#primaryimage","url":"https:\/\/holavegan.com\/wp-content\/uploads\/2026\/04\/pepas1.jpg","contentUrl":"https:\/\/holavegan.com\/wp-content\/uploads\/2026\/04\/pepas1.jpg","width":680,"height":900},{"@type":"BreadcrumbList","@id":"https:\/\/holavegan.com\/pepas-de-membrillo\/#breadcrumb","itemListElement":[{"@type":"ListItem","position":1,"name":"Home","item":"https:\/\/holavegan.com\/en\/"},{"@type":"ListItem","position":2,"name":"Pepas de membrillo"}]},{"@type":"WebSite","@id":"https:\/\/holavegan.com\/en\/#website","url":"https:\/\/holavegan.com\/en\/","name":"Hello Vegan","description":"Un blog de las Veganas Hermanas","publisher":{"@id":"https:\/\/holavegan.com\/en\/#organization"},"potentialAction":[{"@type":"SearchAction","target":{"@type":"EntryPoint","urlTemplate":"https:\/\/holavegan.com\/en\/?s={search_term_string}"},"query-input":{"@type":"PropertyValueSpecification","valueRequired":true,"valueName":"search_term_string"}}],"inLanguage":"en-US"},{"@type":"Organization","@id":"https:\/\/holavegan.com\/en\/#organization","name":"Hello Vegan","url":"https:\/\/holavegan.com\/en\/","logo":{"@type":"ImageObject","inLanguage":"en-US","@id":"https:\/\/holavegan.com\/en\/#\/schema\/logo\/image\/","url":"https:\/\/holavegan.com\/wp-content\/uploads\/2023\/03\/cropped-logo-h@2x-1-2.png","contentUrl":"https:\/\/holavegan.com\/wp-content\/uploads\/2023\/03\/cropped-logo-h@2x-1-2.png","width":700,"height":200,"caption":"Hola Vegan"},"image":{"@id":"https:\/\/holavegan.com\/en\/#\/schema\/logo\/image\/"}},{"@type":"Person","@id":"https:\/\/holavegan.com\/en\/#\/schema\/person\/aa24c98a0616a6d0d2670f324ce76b04","name":"maruraffaelli","image":{"@type":"ImageObject","inLanguage":"en-US","@id":"https:\/\/secure.gravatar.com\/avatar\/a9b307f88aff844bec38ba98fdb05244cf321a024902a59afac070e8695b5f59?s=96&d=mm&r=g","url":"https:\/\/secure.gravatar.com\/avatar\/a9b307f88aff844bec38ba98fdb05244cf321a024902a59afac070e8695b5f59?s=96&d=mm&r=g","contentUrl":"https:\/\/secure.gravatar.com\/avatar\/a9b307f88aff844bec38ba98fdb05244cf321a024902a59afac070e8695b5f59?s=96&d=mm&r=g","caption":"maruraffaelli"},"url":"https:\/\/holavegan.com\/en\/author\/maruraffaelli\/"}]}},"featured_image_src":"https:\/\/holavegan.com\/wp-content\/uploads\/2026\/04\/pepas1-600x400.jpg","featured_image_src_square":"https:\/\/holavegan.com\/wp-content\/uploads\/2026\/04\/pepas1-600x600.jpg","author_info":{"display_name":"maruraffaelli","author_link":"https:\/\/holavegan.com\/en\/author\/maruraffaelli\/"},"_links":{"self":[{"href":"https:\/\/holavegan.com\/en\/wp-json\/wp\/v2\/posts\/6605","targetHints":{"allow":["GET"]}}],"collection":[{"href":"https:\/\/holavegan.com\/en\/wp-json\/wp\/v2\/posts"}],"about":[{"href":"https:\/\/holavegan.com\/en\/wp-json\/wp\/v2\/types\/post"}],"author":[{"embeddable":true,"href":"https:\/\/holavegan.com\/en\/wp-json\/wp\/v2\/users\/5"}],"replies":[{"embeddable":true,"href":"https:\/\/holavegan.com\/en\/wp-json\/wp\/v2\/comments?post=6605"}],"version-history":[{"count":0,"href":"https:\/\/holavegan.com\/en\/wp-json\/wp\/v2\/posts\/6605\/revisions"}],"wp:featuredmedia":[{"embeddable":true,"href":"https:\/\/holavegan.com\/en\/wp-json\/wp\/v2\/media\/14660"}],"wp:attachment":[{"href":"https:\/\/holavegan.com\/en\/wp-json\/wp\/v2\/media?parent=6605"}],"wp:term":[{"taxonomy":"category","embeddable":true,"href":"https:\/\/holavegan.com\/en\/wp-json\/wp\/v2\/categories?post=6605"},{"taxonomy":"post_tag","embeddable":true,"href":"https:\/\/holavegan.com\/en\/wp-json\/wp\/v2\/tags?post=6605"}],"curies":[{"name":"wp","href":"https:\/\/api.w.org\/{rel}","templated":true}]}}