{"id":7277,"date":"2021-09-07T11:07:22","date_gmt":"2021-09-07T14:07:22","guid":{"rendered":"https:\/\/holavegan.com\/?p=7277"},"modified":"2026-04-12T18:31:15","modified_gmt":"2026-04-12T21:31:15","slug":"cerealitas","status":"publish","type":"post","link":"https:\/\/holavegan.com\/en\/cerealitas\/","title":{"rendered":"CEREALITAS"},"content":{"rendered":"<div class=\"wp-block-image\"><figure class=\"aligncenter size-full\"><a href=\"https:\/\/holaveganc1dev.wpenginepowered.com\/wp-content\/uploads\/2021\/09\/cerealitas-1.jpg\"><img decoding=\"async\" src=\"https:\/\/holaveganc1dev.wpenginepowered.com\/wp-content\/uploads\/2021\/09\/cerealitas-1.jpg\" alt=\"\" class=\"wp-image-7278\"\/><\/a><\/figure><\/div>\n\n\n\n<p>No puedo explicarles lo fan\u00e1tica que yo, Maru, era de las galletitas <em>Cerealitas<\/em>. O tal vez s\u00ed. En la mesada de la cocina de nuestra casa siempre hab\u00eda un frasco de vidrio enorme lleno de estas galletitas, que yo atacaba cuando se me antojaba. Cuando era pre-adolescente pod\u00eda comerlas en el desayuno, en la merienda y, ATI\u00c9NDAME ESTA:  HASTA POD\u00cdA COMERLAS DE &#8220;POSTRE&#8221; DESPU\u00c9S DE CENAR. Delirantemente fana. <\/p>\n\n\n\n<p>Obviamente, cuando me hice vegana les dije ADI\u00d3S PARA SIEMPRE! Pues TIENEN GRASA VACUNA REFINADA &#x1f922;<\/p>\n\n\n\n<p>Hasta el otro d\u00eda que me dije a m\u00ed misma &#8220;no deben ser tan dif\u00edciles de hacer&#8221; y cuando lean la receta se van a dar cuenta de que ten\u00eda raz\u00f3n, jaja!<\/p>\n\n\n\n<div class=\"wp-block-image\"><figure class=\"aligncenter size-full\"><a href=\"https:\/\/holaveganc1dev.wpenginepowered.com\/wp-content\/uploads\/2021\/09\/cerealitas-2.jpg\"><img decoding=\"async\" src=\"https:\/\/holaveganc1dev.wpenginepowered.com\/wp-content\/uploads\/2021\/09\/cerealitas-2.jpg\" alt=\"\" class=\"wp-image-7279\"\/><\/a><\/figure><\/div>\n\n\n\n<h5 class=\"wp-block-heading\">TIPS<\/h5>\n\n\n\n<ul class=\"wp-block-list\"><li>Mezcl\u00e9 1\/4 taza de harina de trigo 000 con 3\/4 tazas de harina de trigo integral, esto es porque la primera vez que las hice us\u00e9 toooodo harina integral y no logr\u00e9 el sabor cereal\u00edstico (?) que buscaba.<\/li><li>Us\u00e9 semillas mezcladas: lino dorado, ch\u00eda, s\u00e9samo integral, s\u00e9samo negro y girasol. Esta parte se ajusta a las semillas que tengas y te gusten. Us\u00e9 algunas enteras porque me gusta como quedan y otras un poco trituradas para que no sigan de largo por el tracto intestinal, jeje.<\/li><li>Como grasa us\u00e9 aceite de coco neutro. Para m\u00ed fue con lo que mejor resultado obtuve. En una de las versiones me quise hacer la <em>healthy<\/em> y le mand\u00e9 esta <a href=\"https:\/\/holaveganc1dev.wpenginepowered.com\/manteca-de-porotos\/\" target=\"_blank\" rel=\"noreferrer noopener\">manteca de porotos<\/a> en el mism\u00edsimo porcentaje. Quedaron ricas, pero un poco m\u00e1s sequitas y menos cerealitas. Se\u00f1oro las comi\u00f3 sin chistar y si \u00e9l aprob\u00f3, para m\u00ed es garant\u00eda de calidad.<\/li><li>Agua: lleva entre 1\/4 y 1\/3 taza, dependiendo del tipo de harina. Si usan todo harina blanca, seguro 1\/4, porque absorbe menos, pero si es org\u00e1nica como <a href=\"https:\/\/tienda.vitalcer.com\/productos\/harina-de-trigo-000-organica-grun-1-kg\/\" target=\"_blank\" rel=\"noreferrer noopener\">esta que uso yo de Vitalcer<\/a>, seguro necesita m\u00e1s l\u00edquido que la que se compra en el s\u00faper.<\/li><li>La melaza es opcional, pero no tanto, ahre! Mejora color, textura y sabor, posta. Si no tienen, no le ponen, pero mi consejo es P\u00d3NGANLENNNNN!<\/li><li>La pizca de levadura tambi\u00e9n es opcional, es para que la masa relaje un poco. Pero, de nuevo, quedan mejor CON que SIN.<\/li><\/ul>\n\n\n\n<div class=\"wp-block-image\"><figure class=\"aligncenter size-full\"><a href=\"https:\/\/holaveganc1dev.wpenginepowered.com\/wp-content\/uploads\/2021\/09\/cerealitas-3.jpg\"><img decoding=\"async\" src=\"https:\/\/holaveganc1dev.wpenginepowered.com\/wp-content\/uploads\/2021\/09\/cerealitas-3.jpg\" alt=\"\" class=\"wp-image-7280\"\/><\/a><\/figure><\/div>\n\n\n\n<h5 class=\"wp-block-heading\">LA VERSI\u00d3N CON ESPELTA<\/h5>\n\n\n\n<p>Muejejeje, algo de <em>healthy<\/em> tengo porque en esta versi\u00f3n us\u00e9 todos los mismos ingredientes y proporciones (bueno, para el caso, us\u00e9 un poco menos de agua) salvo porque cambi\u00e9 las harinas de trigo por espelta (en el <a href=\"https:\/\/holaveganc1dev.wpenginepowered.com\/harinas-de-trigo-y-algo-mas\/\" target=\"_blank\" rel=\"noreferrer noopener\">posteo de ayer<\/a> les cont\u00e9 un poco de qu\u00e9 se trata). Salieron unas galletitas casi casi iguales. En el look son exactas, al morderlas se nota que son m\u00e1s ligeras, por describirlo de alguna manera, porque al no tener casi gluten, quedan diferentes. Pero muy ricas, as\u00ed que, anoten: con espelta, van perfecto, con otras harinas, habr\u00e1 que probar.<\/p>\n\n\n\n<div class=\"wp-block-image\"><figure class=\"aligncenter size-full\"><a href=\"https:\/\/holaveganc1dev.wpenginepowered.com\/wp-content\/uploads\/2021\/09\/cerealitas-4.jpg\"><img decoding=\"async\" src=\"https:\/\/holaveganc1dev.wpenginepowered.com\/wp-content\/uploads\/2021\/09\/cerealitas-4.jpg\" alt=\"\" class=\"wp-image-7281\"\/><\/a><figcaption>La mitad que tengo en la mano es la hecha a base de ESPELTA<\/figcaption><\/figure><\/div>\n\n\n<div id=\"recipe\"><\/div><div id=\"wprm-recipe-container-7282\" class=\"wprm-recipe-container\" data-recipe-id=\"7282\" data-servings=\"24\"><div class=\"wprm-recipe wprm-recipe-template-tinysalt-recipe\"><div class=\"wprm-recipe-template-ts-container\">\n    <div class=\"wprm-ts-top\">\n        <div class=\"wprm-ts-img\">\n            \n        <\/div>\n        \n        <div class=\"wprm-ts-buttons\">\n            <a href=\"https:\/\/holavegan.com\/en\/wprm_print\/galletitas-tipo-cerealitas\" style=\"color: #ffffff;background-color: #ffffff;border-color: #ffffff;border-radius: 100px;padding: 0px 8px;\" class=\"wprm-recipe-print wprm-recipe-link wprm-print-recipe-shortcode wprm-block-text-bold wprm-recipe-print-inline-button wprm-recipe-link-inline-button wprm-color-accent\" data-recipe-id=\"7282\" data-template=\"\" target=\"_blank\" rel=\"nofollow\" aria-label=\"Print Recipe\"><span class=\"wprm-recipe-icon wprm-recipe-print-icon\"><svg xmlns=\"http:\/\/www.w3.org\/2000\/svg\" xmlns:xlink=\"http:\/\/www.w3.org\/1999\/xlink\" x=\"0px\" y=\"0px\" width=\"16px\" height=\"16px\" viewbox=\"0 0 24 24\"><g ><path fill=\"#000000\" d=\"M19,5.09V1c0-0.552-0.448-1-1-1H6C5.448,0,5,0.448,5,1v4.09C2.167,5.569,0,8.033,0,11v7c0,0.552,0.448,1,1,1h4v4c0,0.552,0.448,1,1,1h12c0.552,0,1-0.448,1-1v-4h4c0.552,0,1-0.448,1-1v-7C24,8.033,21.833,5.569,19,5.09z M7,2h10v3H7V2z M17,22H7v-9h10V22z M18,10c-0.552,0-1-0.448-1-1c0-0.552,0.448-1,1-1s1,0.448,1,1C19,9.552,18.552,10,18,10z\"\/><\/g><\/svg><\/span> <\/a>\n            \n        <\/div>\n    <\/div>\n    \n    <div class=\"wprm-ts-header\">   \n        \n        <h2 class=\"wprm-recipe-name wprm-block-text-bold\">Galletitas tipo Cerealitas<\/h2>\n        \n    <\/div>\n    \n    <div class=\"wprm-ts-main-meta\">\n        <div class=\"wprm-recipe-block-container wprm-recipe-block-container-inline wprm-block-text-normal wprm-recipe-servings-container\" style=\"\"><span class=\"wprm-recipe-details-label wprm-block-text-bold wprm-recipe-servings-label\">Servings <\/span><span class=\"wprm-recipe-servings-with-unit\"><span class=\"wprm-recipe-servings wprm-recipe-details wprm-recipe-servings-7282 wprm-recipe-servings-adjustable-tooltip wprm-block-text-normal\" data-recipe=\"7282\" aria-label=\"Adjust recipe servings\">24<\/span> <span class=\"wprm-recipe-servings-unit wprm-recipe-details-unit wprm-block-text-normal\">unidades<\/span><\/span><\/div>\n        \n    <\/div>\n    \n    <div class=\"wprm-ts-equipment-ingredients\">\n        \n        <div id=\"recipe-7282-ingredients\" class=\"wprm-recipe-ingredients-container wprm-recipe-ingredients-no-images wprm-recipe-7282-ingredients-container wprm-block-text-normal wprm-ingredient-style-regular wprm-recipe-images-before\" data-recipe=\"7282\" data-servings=\"24\"><h3 class=\"wprm-recipe-header wprm-recipe-ingredients-header wprm-block-text-bold wprm-align-left wprm-header-decoration-none\" style=\"\">Ingredients<\/h3><div class=\"wprm-recipe-ingredient-group\"><ul class=\"wprm-recipe-ingredients\"><li class=\"wprm-recipe-ingredient\" style=\"list-style-type: disc;\" data-uid=\"-1\"><span class=\"wprm-recipe-ingredient-amount\">\u00be<\/span>&#32;<span class=\"wprm-recipe-ingredient-unit\">tazas de<\/span>&#32;<span class=\"wprm-recipe-ingredient-name\">harina de trigo integral<\/span><\/li><li class=\"wprm-recipe-ingredient\" style=\"list-style-type: disc;\" data-uid=\"-1\"><span class=\"wprm-recipe-ingredient-amount\">\u00bc<\/span>&#32;<span class=\"wprm-recipe-ingredient-unit\">cup of<\/span>&#32;<span class=\"wprm-recipe-ingredient-name\">harina de trigo 000<\/span><\/li><li class=\"wprm-recipe-ingredient\" style=\"list-style-type: disc;\" data-uid=\"-1\"><span class=\"wprm-recipe-ingredient-amount\">\u00bc<\/span>&#32;<span class=\"wprm-recipe-ingredient-unit\">cup of<\/span>&#32;<span class=\"wprm-recipe-ingredient-name\">mix de semillas<\/span><\/li><li class=\"wprm-recipe-ingredient\" style=\"list-style-type: disc;\" data-uid=\"-1\"><span class=\"wprm-recipe-ingredient-amount\">\u00bc<\/span>&#32;<span class=\"wprm-recipe-ingredient-unit\">cup of<\/span>&#32;<span class=\"wprm-recipe-ingredient-name\">aceite de coco neutro y s\u00f3lido<\/span>&#32;<span class=\"wprm-recipe-ingredient-notes wprm-recipe-ingredient-notes-faded\">(aproximadamente 50 g)<\/span><\/li><li class=\"wprm-recipe-ingredient\" style=\"list-style-type: disc;\" data-uid=\"-1\"><span class=\"wprm-recipe-ingredient-amount\">\u2153<\/span>&#32;<span class=\"wprm-recipe-ingredient-unit\">cup of<\/span>&#32;<span class=\"wprm-recipe-ingredient-name\">agua<\/span><\/li><li class=\"wprm-recipe-ingredient\" style=\"list-style-type: disc;\" data-uid=\"-1\"><span class=\"wprm-recipe-ingredient-amount\">\u00bc<\/span>&#32;<span class=\"wprm-recipe-ingredient-unit\">cdta. de <\/span>&#32;<span class=\"wprm-recipe-ingredient-name\">sal<\/span><\/li><li class=\"wprm-recipe-ingredient\" style=\"list-style-type: disc;\" data-uid=\"-1\"><span class=\"wprm-recipe-ingredient-amount\">\u00bc<\/span>&#32;<span class=\"wprm-recipe-ingredient-unit\">cdta. de<\/span>&#32;<span class=\"wprm-recipe-ingredient-name\">melaza<\/span><\/li><li class=\"wprm-recipe-ingredient\" style=\"list-style-type: disc;\" data-uid=\"-1\"><span class=\"wprm-recipe-ingredient-name\">Una pizca de levadura<\/span><\/li><\/ul><\/div><\/div>\n    <\/div>\n    \n    <div class=\"wprm-ts-instructions\">\n        <div id=\"recipe-7282-instructions\" class=\"wprm-recipe-instructions-container wprm-recipe-7282-instructions-container wprm-block-text-normal\" data-recipe=\"7282\"><h3 class=\"wprm-recipe-header wprm-recipe-instructions-header wprm-block-text-bold wprm-align-left wprm-header-decoration-none\" style=\"\">Instructions<\/h3><div class=\"wprm-recipe-instruction-group\"><ul class=\"wprm-recipe-instructions\"><li id=\"wprm-recipe-7282-step-0-0\" class=\"wprm-recipe-instruction\" style=\"list-style-type: decimal;\"><div class=\"wprm-recipe-instruction-text\" style=\"margin-bottom: 20px;\"><span style=\"display: block;\">Tamizar las harinas, la pizca de sal y la levadura en un bol. <\/span><\/div><\/li><li id=\"wprm-recipe-7282-step-0-1\" class=\"wprm-recipe-instruction\" style=\"list-style-type: decimal;\"><div class=\"wprm-recipe-instruction-text\" style=\"margin-bottom: 20px;\"><span style=\"display: block;\">Agregar el aceite de coco e integrar con las manos formando un arenado.<\/span><\/div><\/li><li id=\"wprm-recipe-7282-step-0-2\" class=\"wprm-recipe-instruction\" style=\"list-style-type: decimal;\"><div class=\"wprm-recipe-instruction-text\" style=\"margin-bottom: 20px;\"><span style=\"display: block;\">A\u00f1adir la melaza y, de a poco, el agua. Unificar hasta obtener un bollo liso -no es necesario amasar demasiado-. <\/span><\/div><\/li><li id=\"wprm-recipe-7282-step-0-3\" class=\"wprm-recipe-instruction\" style=\"list-style-type: decimal;\"><div class=\"wprm-recipe-instruction-text\" style=\"margin-bottom: 20px;\"><span style=\"display: block;\">Sumar las semillas y amasar un poco m\u00e1s para que se integren bien.<\/span><\/div><\/li><li id=\"wprm-recipe-7282-step-0-4\" class=\"wprm-recipe-instruction\" style=\"list-style-type: decimal;\"><div class=\"wprm-recipe-instruction-text\" style=\"margin-bottom: 20px;\"><span style=\"display: block;\">Dejar descansar 10&#39; la masa y luego estirar con palo de amasar sobre una placa de silicona (o papel manteca) formando un rect\u00e1ngulo, hasta que quede de menos de \u00bd cent\u00edmetro de espesor.<\/span><\/div><\/li><li id=\"wprm-recipe-7282-step-0-5\" class=\"wprm-recipe-instruction\" style=\"list-style-type: decimal;\"><div class=\"wprm-recipe-instruction-text\" style=\"margin-bottom: 20px;\"><span style=\"display: block;\">Cortar cuadrados de aproximadamente 4 x 4 cm y pincharlos con un tenedor.<\/span><\/div><\/li><li id=\"wprm-recipe-7282-step-0-6\" class=\"wprm-recipe-instruction\" style=\"list-style-type: decimal;\"><div class=\"wprm-recipe-instruction-text\" style=\"margin-bottom: 20px;\"><span style=\"display: block;\">Colocar la placa en una asadera y hornear en horno moderado a bajo precalentado, durante aproximadamente 10 minutos o hasta que est\u00e9n doradas de abajo.<\/span><\/div><\/li><li id=\"wprm-recipe-7282-step-0-7\" class=\"wprm-recipe-instruction\" style=\"list-style-type: decimal;\"><div class=\"wprm-recipe-instruction-text\" style=\"margin-bottom: 20px;\"><span style=\"display: block;\">Luego llevar a la parrilla o a la parte m\u00e1s alta del horno para que se doren tambi\u00e9n en la superficie (vigilar).<\/span><\/div><\/li><li id=\"wprm-recipe-7282-step-0-8\" class=\"wprm-recipe-instruction\" style=\"list-style-type: decimal;\"><div class=\"wprm-recipe-instruction-text\" style=\"margin-bottom: 20px;\"><span style=\"display: block;\">Dejarlas enfriar sobre rejilla y ya est\u00e1n listas para comer!<\/span><\/div><\/li><\/ul><\/div><\/div>\n        <div id=\"recipe-video\"><\/div>\n    <\/div>\n    \n    <div id=\"recipe-7282-notes\" class=\"wprm-recipe-notes-container wprm-block-text-normal\"><h3 class=\"wprm-recipe-header wprm-recipe-notes-header wprm-block-text-bold wprm-align-left wprm-header-decoration-none\" style=\"\">Notes<\/h3><div class=\"wprm-recipe-notes\"><span style=\"display: block;\"><span data-slate-fragment=\"JTVCJTdCJTIydHlwZSUyMiUzQSUyMnBhcmFncmFwaCUyMiUyQyUyMmNoaWxkcmVuJTIyJTNBJTVCJTdCJTIydGV4dCUyMiUzQSUyMkxvcyUyMGJvcmRlcyUyMHlvJTIwc2UlMjBsb3MlMjBkZWpvJTIwYWwlMjBob3JuZWFyJTIwcG9ycXVlJTIwc29uJTIwbG9zJTIwcHJpbWVyb3MlMjBxdWUlMjBzZSUyMHF1ZW1hbiUyMHklMjBsdWVnbyUyMHVzbyUyMGVzb3MlMjByZXN0b3MlMjBkZSUyMGdhbGxldGl0YXMlMjBpcnJlZ3VsYXJlcyUyMHklMjBxdWVtYWRpdG9zJTIwcGFyYSUyMGFncmVnYXJsZSUyMGElMjBlbnNhbGFkYXMlMjBvJTIwY29tbyUyMHNuYSUyMiU3RCU1RCU3RCU1RA==\"><strong>TIP:<\/strong> al cortar los cuadrados para formar las galletitas, trato de separar con el cuchillo los bordes irregulares, pero los dejo al hornear porque son los primeros que se queman y luego uso esos restos de galletitas irregulares y quemaditas para agregarle a ensaladas o como snack para m\u00ed (a la mesa me gusta llevar las que est\u00e1n todas prolijitas porque TOC!).<\/span><\/span><div class=\"wprm-spacer\"><\/div>\n<span style=\"display: block;\">Se mantienen durante varios d\u00edas en frasco herm\u00e9tico, pero juro que se acaban en un santiam\u00e9n!<\/span><\/div><\/div>\n    \n    <div class=\"wprm-ts-meta\">\n        \n        \n        \n        <div class=\"wprm-recipe-meta-container wprm-recipe-tags-container wprm-recipe-details-container wprm-recipe-details-container-inline wprm-block-text-normal\"><div class=\"wprm-recipe-block-container wprm-recipe-block-container-inline wprm-block-text-normal wprm-recipe-tag-container wprm-recipe-course-container\" style=\"\"><span class=\"wprm-recipe-icon wprm-recipe-tag-icon wprm-recipe-course-icon\"><svg xmlns=\"http:\/\/www.w3.org\/2000\/svg\" xmlns:xlink=\"http:\/\/www.w3.org\/1999\/xlink\" x=\"0px\" y=\"0px\" width=\"16px\" height=\"16px\" viewbox=\"0 0 24 24\"><g ><path fill=\"#333333\" d=\"M22.707,12.293l-11-11C11.52,1.106,11.265,1,11,1H2C1.448,1,1,1.448,1,2v9c0,0.265,0.105,0.52,0.293,0.707l11,11C12.488,22.903,12.744,23,13,23s0.512-0.098,0.707-0.293l9-9C23.098,13.317,23.098,12.684,22.707,12.293z M7,9C5.895,9,5,8.105,5,7c0-1.105,0.895-2,2-2s2,0.895,2,2C9,8.105,8.105,9,7,9z M13,17.414L8.586,13L10,11.586L14.414,16L13,17.414z M16,14.414L11.586,10L13,8.586L17.414,13L16,14.414z\"\/><\/g><\/svg><\/span> <span class=\"wprm-recipe-details-label wprm-block-text-bold wprm-recipe-tag-label wprm-recipe-course-label\">Plato: <\/span><span class=\"wprm-recipe-course wprm-block-text-normal\">Breakfast and snack<\/span><\/div><\/div>\n    <\/div>\n    \n    \n<\/div><\/div><\/div>","protected":false},"excerpt":{"rendered":"<p>No puedo explicarles lo fan\u00e1tica que yo, Maru, era de las galletitas Cerealitas. O tal vez s\u00ed. En la mesada de la cocina de nuestra casa siempre hab\u00eda un frasco de vidrio enorme lleno de estas galletitas, que yo atacaba cuando se me antojaba. Cuando era pre-adolescente pod\u00eda comerlas en el desayuno, en la merienda &#8230;<\/p>","protected":false},"author":5,"featured_media":14922,"comment_status":"open","ping_status":"open","sticky":false,"template":"","format":"standard","meta":{"wprm-recipe-roundup-name":"","wprm-recipe-roundup-description":"","loftocean_post_primary_category":0,"loftocean_post_format_gallery":"","loftocean_post_format_gallery_ids":"","loftocean_post_format_gallery_urls":"","loftocean_post_format_video_id":0,"loftocean_post_format_video_url":"","loftocean_post_format_video_type":"","loftocean_post_format_video":"","loftocean_post_format_audio_type":"","loftocean_post_format_audio_url":"","loftocean_post_format_audio_id":0,"loftocean_post_format_audio":"","loftocean-featured-post":"","loftocean-like-count":0,"loftocean-view-count":1752,"tinysalt_single_post_intro_label":"","tinysalt_single_post_intro_description":"","tinysalt_hide_post_featured_image":"","tinysalt_post_featured_media_position":"","tinysalt_single_site_header_source":"","tinysalt_single_custom_site_header":"0","tinysalt_single_custom_sticky_site_header":"0","tinysalt_single_custom_sticky_site_header_style":"sticky-scroll-up","tinysalt_single_site_footer_source":"","tinysalt_single_custom_site_footer":"0","footnotes":""},"categories":[5410,5411,315],"tags":[712,716,877,879,1192,1195,2399],"class_list":["post-7277","post","type-post","status-publish","format-standard","has-post-thumbnail","hentry","category-desayuno-y-merienda","category-para-compartir","category-recetas","tag-cerealitas","tag-cerealitas-veganas","tag-crackers","tag-crackers-de-cereal","tag-galletitas","tag-galletitas-de-cereal","tag-snack"],"yoast_head":"<!-- This site is optimized with the Yoast SEO plugin v27.4 - https:\/\/yoast.com\/product\/yoast-seo-wordpress\/ -->\n<title>CEREALITAS - Hola Vegan<\/title>\n<meta name=\"robots\" content=\"noindex, follow, max-snippet:-1, max-image-preview:large, max-video-preview:-1\" \/>\n<meta property=\"og:locale\" content=\"en_US\" \/>\n<meta property=\"og:type\" content=\"article\" \/>\n<meta property=\"og:title\" content=\"CEREALITAS - Hola Vegan\" \/>\n<meta property=\"og:description\" content=\"No puedo explicarles lo fan\u00e1tica que yo, Maru, era de las galletitas Cerealitas. O tal vez s\u00ed. En la mesada de la cocina de nuestra casa siempre hab\u00eda un frasco de vidrio enorme lleno de estas galletitas, que yo atacaba cuando se me antojaba. Cuando era pre-adolescente pod\u00eda comerlas en el desayuno, en la merienda ...\" \/>\n<meta property=\"og:url\" content=\"https:\/\/holavegan.com\/en\/cerealitas\/\" \/>\n<meta property=\"og:site_name\" content=\"Hola Vegan\" \/>\n<meta property=\"article:published_time\" content=\"2021-09-07T14:07:22+00:00\" \/>\n<meta property=\"article:modified_time\" content=\"2026-04-12T21:31:15+00:00\" \/>\n<meta property=\"og:image\" content=\"https:\/\/holavegan.com\/wp-content\/uploads\/2026\/04\/cerealitas-1.jpg\" \/>\n\t<meta property=\"og:image:width\" content=\"680\" \/>\n\t<meta property=\"og:image:height\" content=\"900\" \/>\n\t<meta property=\"og:image:type\" content=\"image\/jpeg\" \/>\n<meta name=\"author\" content=\"maruraffaelli\" \/>\n<meta name=\"twitter:card\" content=\"summary_large_image\" \/>\n<meta name=\"twitter:label1\" content=\"Written by\" \/>\n\t<meta name=\"twitter:data1\" content=\"maruraffaelli\" \/>\n\t<meta name=\"twitter:label2\" content=\"Est. reading time\" \/>\n\t<meta name=\"twitter:data2\" content=\"3 minutes\" \/>\n<script type=\"application\/ld+json\" class=\"yoast-schema-graph\">{\"@context\":\"https:\\\/\\\/schema.org\",\"@graph\":[{\"@type\":\"Article\",\"@id\":\"https:\\\/\\\/holavegan.com\\\/cerealitas\\\/#article\",\"isPartOf\":{\"@id\":\"https:\\\/\\\/holavegan.com\\\/cerealitas\\\/\"},\"author\":{\"name\":\"maruraffaelli\",\"@id\":\"https:\\\/\\\/holavegan.com\\\/en\\\/#\\\/schema\\\/person\\\/aa24c98a0616a6d0d2670f324ce76b04\"},\"headline\":\"CEREALITAS\",\"datePublished\":\"2021-09-07T14:07:22+00:00\",\"dateModified\":\"2026-04-12T21:31:15+00:00\",\"mainEntityOfPage\":{\"@id\":\"https:\\\/\\\/holavegan.com\\\/cerealitas\\\/\"},\"wordCount\":785,\"commentCount\":6,\"publisher\":{\"@id\":\"https:\\\/\\\/holavegan.com\\\/en\\\/#organization\"},\"image\":{\"@id\":\"https:\\\/\\\/holavegan.com\\\/cerealitas\\\/#primaryimage\"},\"thumbnailUrl\":\"https:\\\/\\\/holavegan.com\\\/wp-content\\\/uploads\\\/2026\\\/04\\\/cerealitas-1.jpg\",\"keywords\":[\"cerealitas\",\"cerealitas veganas\",\"crackers\",\"crackers de cereal\",\"galletitas\",\"galletitas de cereal\",\"snack\"],\"articleSection\":[\"Desayuno y merienda\",\"Para compartir\",\"Recetas\"],\"inLanguage\":\"en-US\",\"potentialAction\":[{\"@type\":\"CommentAction\",\"name\":\"Comment\",\"target\":[\"https:\\\/\\\/holavegan.com\\\/cerealitas\\\/#respond\"]}]},{\"@type\":\"WebPage\",\"@id\":\"https:\\\/\\\/holavegan.com\\\/cerealitas\\\/\",\"url\":\"https:\\\/\\\/holavegan.com\\\/cerealitas\\\/\",\"name\":\"CEREALITAS - Hola Vegan\",\"isPartOf\":{\"@id\":\"https:\\\/\\\/holavegan.com\\\/en\\\/#website\"},\"primaryImageOfPage\":{\"@id\":\"https:\\\/\\\/holavegan.com\\\/cerealitas\\\/#primaryimage\"},\"image\":{\"@id\":\"https:\\\/\\\/holavegan.com\\\/cerealitas\\\/#primaryimage\"},\"thumbnailUrl\":\"https:\\\/\\\/holavegan.com\\\/wp-content\\\/uploads\\\/2026\\\/04\\\/cerealitas-1.jpg\",\"datePublished\":\"2021-09-07T14:07:22+00:00\",\"dateModified\":\"2026-04-12T21:31:15+00:00\",\"breadcrumb\":{\"@id\":\"https:\\\/\\\/holavegan.com\\\/cerealitas\\\/#breadcrumb\"},\"inLanguage\":\"en-US\",\"potentialAction\":[{\"@type\":\"ReadAction\",\"target\":[\"https:\\\/\\\/holavegan.com\\\/cerealitas\\\/\"]}]},{\"@type\":\"ImageObject\",\"inLanguage\":\"en-US\",\"@id\":\"https:\\\/\\\/holavegan.com\\\/cerealitas\\\/#primaryimage\",\"url\":\"https:\\\/\\\/holavegan.com\\\/wp-content\\\/uploads\\\/2026\\\/04\\\/cerealitas-1.jpg\",\"contentUrl\":\"https:\\\/\\\/holavegan.com\\\/wp-content\\\/uploads\\\/2026\\\/04\\\/cerealitas-1.jpg\",\"width\":680,\"height\":900},{\"@type\":\"BreadcrumbList\",\"@id\":\"https:\\\/\\\/holavegan.com\\\/cerealitas\\\/#breadcrumb\",\"itemListElement\":[{\"@type\":\"ListItem\",\"position\":1,\"name\":\"Home\",\"item\":\"https:\\\/\\\/holavegan.com\\\/en\\\/\"},{\"@type\":\"ListItem\",\"position\":2,\"name\":\"CEREALITAS\"}]},{\"@type\":\"WebSite\",\"@id\":\"https:\\\/\\\/holavegan.com\\\/en\\\/#website\",\"url\":\"https:\\\/\\\/holavegan.com\\\/en\\\/\",\"name\":\"Hola Vegan\",\"description\":\"Un blog de las Veganas Hermanas\",\"publisher\":{\"@id\":\"https:\\\/\\\/holavegan.com\\\/en\\\/#organization\"},\"potentialAction\":[{\"@type\":\"SearchAction\",\"target\":{\"@type\":\"EntryPoint\",\"urlTemplate\":\"https:\\\/\\\/holavegan.com\\\/en\\\/?s={search_term_string}\"},\"query-input\":{\"@type\":\"PropertyValueSpecification\",\"valueRequired\":true,\"valueName\":\"search_term_string\"}}],\"inLanguage\":\"en-US\"},{\"@type\":\"Organization\",\"@id\":\"https:\\\/\\\/holavegan.com\\\/en\\\/#organization\",\"name\":\"Hola Vegan\",\"url\":\"https:\\\/\\\/holavegan.com\\\/en\\\/\",\"logo\":{\"@type\":\"ImageObject\",\"inLanguage\":\"en-US\",\"@id\":\"https:\\\/\\\/holavegan.com\\\/en\\\/#\\\/schema\\\/logo\\\/image\\\/\",\"url\":\"https:\\\/\\\/holavegan.com\\\/wp-content\\\/uploads\\\/2023\\\/03\\\/cropped-logo-h@2x-1-2.png\",\"contentUrl\":\"https:\\\/\\\/holavegan.com\\\/wp-content\\\/uploads\\\/2023\\\/03\\\/cropped-logo-h@2x-1-2.png\",\"width\":700,\"height\":200,\"caption\":\"Hola Vegan\"},\"image\":{\"@id\":\"https:\\\/\\\/holavegan.com\\\/en\\\/#\\\/schema\\\/logo\\\/image\\\/\"}},{\"@type\":\"Person\",\"@id\":\"https:\\\/\\\/holavegan.com\\\/en\\\/#\\\/schema\\\/person\\\/aa24c98a0616a6d0d2670f324ce76b04\",\"name\":\"maruraffaelli\",\"image\":{\"@type\":\"ImageObject\",\"inLanguage\":\"en-US\",\"@id\":\"https:\\\/\\\/secure.gravatar.com\\\/avatar\\\/a9b307f88aff844bec38ba98fdb05244cf321a024902a59afac070e8695b5f59?s=96&d=mm&r=g\",\"url\":\"https:\\\/\\\/secure.gravatar.com\\\/avatar\\\/a9b307f88aff844bec38ba98fdb05244cf321a024902a59afac070e8695b5f59?s=96&d=mm&r=g\",\"contentUrl\":\"https:\\\/\\\/secure.gravatar.com\\\/avatar\\\/a9b307f88aff844bec38ba98fdb05244cf321a024902a59afac070e8695b5f59?s=96&d=mm&r=g\",\"caption\":\"maruraffaelli\"},\"url\":\"https:\\\/\\\/holavegan.com\\\/en\\\/author\\\/maruraffaelli\\\/\"}]}<\/script>\n<!-- \/ Yoast SEO plugin. -->","yoast_head_json":{"title":"CEREALITAS - Hola Vegan","robots":{"index":"noindex","follow":"follow","max-snippet":"max-snippet:-1","max-image-preview":"max-image-preview:large","max-video-preview":"max-video-preview:-1"},"og_locale":"en_US","og_type":"article","og_title":"CEREALITAS - Hola Vegan","og_description":"No puedo explicarles lo fan\u00e1tica que yo, Maru, era de las galletitas Cerealitas. O tal vez s\u00ed. En la mesada de la cocina de nuestra casa siempre hab\u00eda un frasco de vidrio enorme lleno de estas galletitas, que yo atacaba cuando se me antojaba. Cuando era pre-adolescente pod\u00eda comerlas en el desayuno, en la merienda ...","og_url":"https:\/\/holavegan.com\/en\/cerealitas\/","og_site_name":"Hola Vegan","article_published_time":"2021-09-07T14:07:22+00:00","article_modified_time":"2026-04-12T21:31:15+00:00","og_image":[{"width":680,"height":900,"url":"https:\/\/holavegan.com\/wp-content\/uploads\/2026\/04\/cerealitas-1.jpg","type":"image\/jpeg"}],"author":"maruraffaelli","twitter_card":"summary_large_image","twitter_misc":{"Written by":"maruraffaelli","Est. reading time":"3 minutes"},"schema":{"@context":"https:\/\/schema.org","@graph":[{"@type":"Article","@id":"https:\/\/holavegan.com\/cerealitas\/#article","isPartOf":{"@id":"https:\/\/holavegan.com\/cerealitas\/"},"author":{"name":"maruraffaelli","@id":"https:\/\/holavegan.com\/en\/#\/schema\/person\/aa24c98a0616a6d0d2670f324ce76b04"},"headline":"CEREALITAS","datePublished":"2021-09-07T14:07:22+00:00","dateModified":"2026-04-12T21:31:15+00:00","mainEntityOfPage":{"@id":"https:\/\/holavegan.com\/cerealitas\/"},"wordCount":785,"commentCount":6,"publisher":{"@id":"https:\/\/holavegan.com\/en\/#organization"},"image":{"@id":"https:\/\/holavegan.com\/cerealitas\/#primaryimage"},"thumbnailUrl":"https:\/\/holavegan.com\/wp-content\/uploads\/2026\/04\/cerealitas-1.jpg","keywords":["cerealitas","cerealitas veganas","crackers","crackers de cereal","galletitas","galletitas de cereal","snack"],"articleSection":["Desayuno y merienda","Para compartir","Recetas"],"inLanguage":"en-US","potentialAction":[{"@type":"CommentAction","name":"Comment","target":["https:\/\/holavegan.com\/cerealitas\/#respond"]}]},{"@type":"WebPage","@id":"https:\/\/holavegan.com\/cerealitas\/","url":"https:\/\/holavegan.com\/cerealitas\/","name":"CEREALITAS - Hola Vegan","isPartOf":{"@id":"https:\/\/holavegan.com\/en\/#website"},"primaryImageOfPage":{"@id":"https:\/\/holavegan.com\/cerealitas\/#primaryimage"},"image":{"@id":"https:\/\/holavegan.com\/cerealitas\/#primaryimage"},"thumbnailUrl":"https:\/\/holavegan.com\/wp-content\/uploads\/2026\/04\/cerealitas-1.jpg","datePublished":"2021-09-07T14:07:22+00:00","dateModified":"2026-04-12T21:31:15+00:00","breadcrumb":{"@id":"https:\/\/holavegan.com\/cerealitas\/#breadcrumb"},"inLanguage":"en-US","potentialAction":[{"@type":"ReadAction","target":["https:\/\/holavegan.com\/cerealitas\/"]}]},{"@type":"ImageObject","inLanguage":"en-US","@id":"https:\/\/holavegan.com\/cerealitas\/#primaryimage","url":"https:\/\/holavegan.com\/wp-content\/uploads\/2026\/04\/cerealitas-1.jpg","contentUrl":"https:\/\/holavegan.com\/wp-content\/uploads\/2026\/04\/cerealitas-1.jpg","width":680,"height":900},{"@type":"BreadcrumbList","@id":"https:\/\/holavegan.com\/cerealitas\/#breadcrumb","itemListElement":[{"@type":"ListItem","position":1,"name":"Home","item":"https:\/\/holavegan.com\/en\/"},{"@type":"ListItem","position":2,"name":"CEREALITAS"}]},{"@type":"WebSite","@id":"https:\/\/holavegan.com\/en\/#website","url":"https:\/\/holavegan.com\/en\/","name":"Hello Vegan","description":"Un blog de las Veganas Hermanas","publisher":{"@id":"https:\/\/holavegan.com\/en\/#organization"},"potentialAction":[{"@type":"SearchAction","target":{"@type":"EntryPoint","urlTemplate":"https:\/\/holavegan.com\/en\/?s={search_term_string}"},"query-input":{"@type":"PropertyValueSpecification","valueRequired":true,"valueName":"search_term_string"}}],"inLanguage":"en-US"},{"@type":"Organization","@id":"https:\/\/holavegan.com\/en\/#organization","name":"Hello Vegan","url":"https:\/\/holavegan.com\/en\/","logo":{"@type":"ImageObject","inLanguage":"en-US","@id":"https:\/\/holavegan.com\/en\/#\/schema\/logo\/image\/","url":"https:\/\/holavegan.com\/wp-content\/uploads\/2023\/03\/cropped-logo-h@2x-1-2.png","contentUrl":"https:\/\/holavegan.com\/wp-content\/uploads\/2023\/03\/cropped-logo-h@2x-1-2.png","width":700,"height":200,"caption":"Hola Vegan"},"image":{"@id":"https:\/\/holavegan.com\/en\/#\/schema\/logo\/image\/"}},{"@type":"Person","@id":"https:\/\/holavegan.com\/en\/#\/schema\/person\/aa24c98a0616a6d0d2670f324ce76b04","name":"maruraffaelli","image":{"@type":"ImageObject","inLanguage":"en-US","@id":"https:\/\/secure.gravatar.com\/avatar\/a9b307f88aff844bec38ba98fdb05244cf321a024902a59afac070e8695b5f59?s=96&d=mm&r=g","url":"https:\/\/secure.gravatar.com\/avatar\/a9b307f88aff844bec38ba98fdb05244cf321a024902a59afac070e8695b5f59?s=96&d=mm&r=g","contentUrl":"https:\/\/secure.gravatar.com\/avatar\/a9b307f88aff844bec38ba98fdb05244cf321a024902a59afac070e8695b5f59?s=96&d=mm&r=g","caption":"maruraffaelli"},"url":"https:\/\/holavegan.com\/en\/author\/maruraffaelli\/"}]}},"featured_image_src":"https:\/\/holavegan.com\/wp-content\/uploads\/2026\/04\/cerealitas-1-600x400.jpg","featured_image_src_square":"https:\/\/holavegan.com\/wp-content\/uploads\/2026\/04\/cerealitas-1-600x600.jpg","author_info":{"display_name":"maruraffaelli","author_link":"https:\/\/holavegan.com\/en\/author\/maruraffaelli\/"},"_links":{"self":[{"href":"https:\/\/holavegan.com\/en\/wp-json\/wp\/v2\/posts\/7277","targetHints":{"allow":["GET"]}}],"collection":[{"href":"https:\/\/holavegan.com\/en\/wp-json\/wp\/v2\/posts"}],"about":[{"href":"https:\/\/holavegan.com\/en\/wp-json\/wp\/v2\/types\/post"}],"author":[{"embeddable":true,"href":"https:\/\/holavegan.com\/en\/wp-json\/wp\/v2\/users\/5"}],"replies":[{"embeddable":true,"href":"https:\/\/holavegan.com\/en\/wp-json\/wp\/v2\/comments?post=7277"}],"version-history":[{"count":0,"href":"https:\/\/holavegan.com\/en\/wp-json\/wp\/v2\/posts\/7277\/revisions"}],"wp:featuredmedia":[{"embeddable":true,"href":"https:\/\/holavegan.com\/en\/wp-json\/wp\/v2\/media\/14922"}],"wp:attachment":[{"href":"https:\/\/holavegan.com\/en\/wp-json\/wp\/v2\/media?parent=7277"}],"wp:term":[{"taxonomy":"category","embeddable":true,"href":"https:\/\/holavegan.com\/en\/wp-json\/wp\/v2\/categories?post=7277"},{"taxonomy":"post_tag","embeddable":true,"href":"https:\/\/holavegan.com\/en\/wp-json\/wp\/v2\/tags?post=7277"}],"curies":[{"name":"wp","href":"https:\/\/api.w.org\/{rel}","templated":true}]}}