{"id":7876,"date":"2022-03-30T16:24:41","date_gmt":"2022-03-30T19:24:41","guid":{"rendered":"https:\/\/holavegan.com\/?p=7876"},"modified":"2026-04-12T18:21:19","modified_gmt":"2026-04-12T21:21:19","slug":"torta-invertida-de-naranja-y-caramelo","status":"publish","type":"post","link":"https:\/\/holavegan.com\/en\/torta-invertida-de-naranja-y-caramelo\/","title":{"rendered":"Torta invertida de naranja y caramelo"},"content":{"rendered":"<div class=\"wp-block-image\">\n<figure class=\"aligncenter size-full\"><a href=\"https:\/\/holaveganc1dev.wpenginepowered.com\/wp-content\/uploads\/2022\/03\/torta-de-naranja_1.jpg\"><img decoding=\"async\" src=\"https:\/\/holaveganc1dev.wpenginepowered.com\/wp-content\/uploads\/2022\/03\/torta-de-naranja_1.jpg\" alt=\"\" class=\"wp-image-7878\"\/><\/a><\/figure>\n<\/div>\n\n\n<p>Hoy les comparto una receta de mi suegra Cristina, que siempre hace cuando van sus amigas a tomar el t\u00e9. Como todav\u00eda no tuve la fortuna de probarla hecha por ella, le ped\u00ed la receta para poder hacerla en versi\u00f3n vegan porque siempre que me la describ\u00eda se me hac\u00eda agua la boca.<\/p>\n\n\n\n<p>La diferencia que tiene esta torta de la <a href=\"https:\/\/holaveganc1dev.wpenginepowered.com\/torta-invertida-manzana\/\">tradicional invertida<\/a> es que se hace con caramelo. Es decir, al mismo caramelo que usamos para hacer cualquier<a href=\"https:\/\/holaveganc1dev.wpenginepowered.com\/flan-de-chocolate-2\/\"> flan<\/a>, le agregamos las naranjas y el aceite de coco en el mismo momento en el que se est\u00e1 formando para que se integren bien y se caramelicen tambi\u00e9n. Suena complicado, pero les prometo que no lo es.<\/p>\n\n\n\n<h1>HABLEMOS DE REEMPLAZAR<\/h1>\n<p>Si no son muy fan\u00e1ticos de la naranja, sepan que pueden usar cualquier otra fruta: manzana, anan\u00e1, mandarina, pera. Lo ideal es que sean frutas que tengan mucho jugo, ya que la receta casi no lleva ingredientes l\u00edquidos. Pero en el caso de la manzana o si quisi\u00e9ramos probar con banana podr\u00eda quedar s\u00faper, con s\u00f3lo agregar m\u00e1s cantidad de leche o agua.<\/p>\n\n\n\n<p>En cuanto a la cantidad de fruta que necesitamos depende de la superficie que tenga el molde que vayan a usar. Yo us\u00e9 2 naranjas para un molde de 20 cent\u00edmetros. Las puse encimadas, porque solo con 1 hubiera sido suficiente para cubrir la base del molde. <\/p>\n\n\n\n<h1>CON RESPECTO A LA HARINA<\/h1>\n\n\n\n<p>Como siempre cuento, me hice FAN de la harina de espelta, as\u00ed que siempre que puedo la uso. De hecho creo que ya la uso para TODO, por eso quiero aclarar que si la reemplazan por harina de trigo com\u00fan no hace falta que usen psyllium, yo lo agrego porque la harina de espelta tiene muy baja cantidad de gluten, y en este caso el psyllium viene a llenar ese espacio. Act\u00faa como el gluten, haciendo homog\u00e9nea y m\u00e1s el\u00e1stica la preparaci\u00f3n. Si usaran espelta sola se desgranar\u00eda la miga con mucha facilidad y se desarmar\u00eda la torta al cortarla.<\/p>\n\n\n\n<h1>A SABER<\/h1>\n\n\n\n<p>Lo \u00faltimo, pero no menos importante, que deben tener en cuenta, es que esta torta se desmolda estando a\u00fan CALIENTE, cosa que hay que hacer con mucho cuidado para que no se rompa. Pero si esperamos a que se enfr\u00ede corremos el riesgo de que se nos pegue en la base.<\/p>\n\n\n<div class=\"wp-block-image\">\n<figure class=\"aligncenter size-full\"><a href=\"https:\/\/holaveganc1dev.wpenginepowered.com\/wp-content\/uploads\/2022\/03\/torta-de-naranja_2.jpg\"><img decoding=\"async\" src=\"https:\/\/holaveganc1dev.wpenginepowered.com\/wp-content\/uploads\/2022\/03\/torta-de-naranja_2.jpg\" alt=\"\" class=\"wp-image-7879\"\/><\/a><\/figure>\n<\/div>\n\n\n<p>Es una torta MUY h\u00fameda, asi que puede quedar muy bien si la sirvieran con alguna crema, aqu\u00ed les dejo las <a href=\"https:\/\/holaveganc1dev.wpenginepowered.com\/3-versiones-de-crema-chantilly\/\">tres versiones de crema chantilly<\/a> que me encantan y son muy simples de preparar!<\/p>\n\n\n\n<p>Espero que les guste!!!<\/p>\n\n\n<div id=\"recipe\"><\/div><div id=\"wprm-recipe-container-7877\" class=\"wprm-recipe-container\" data-recipe-id=\"7877\" data-servings=\"8\"><div class=\"wprm-recipe wprm-recipe-template-tinysalt-recipe\"><div class=\"wprm-recipe-template-ts-container\">\n    <div class=\"wprm-ts-top\">\n        <div class=\"wprm-ts-img\">\n            <div class=\"wprm-recipe-image wprm-block-image-normal\"><img fetchpriority=\"high\" decoding=\"async\" style=\"border-width: 0px;border-style: solid;border-color: #666666;\" width=\"680\" height=\"900\" src=\"https:\/\/holavegan.com\/wp-content\/uploads\/2022\/03\/torta-de-naranja_1-2.jpg\" class=\"attachment-800x99999 size-800x99999\" alt=\"\" srcset=\"https:\/\/holavegan.com\/wp-content\/uploads\/2022\/03\/torta-de-naranja_1-2.jpg 680w, https:\/\/holavegan.com\/wp-content\/uploads\/2022\/03\/torta-de-naranja_1-2-227x300.jpg 227w, https:\/\/holavegan.com\/wp-content\/uploads\/2022\/03\/torta-de-naranja_1-2-9x12.jpg 9w, https:\/\/holavegan.com\/wp-content\/uploads\/2022\/03\/torta-de-naranja_1-2-600x794.jpg 600w, https:\/\/holavegan.com\/wp-content\/uploads\/2022\/03\/torta-de-naranja_1-2-550x728.jpg 550w, https:\/\/holavegan.com\/wp-content\/uploads\/2022\/03\/torta-de-naranja_1-2-370x490.jpg 370w, https:\/\/holavegan.com\/wp-content\/uploads\/2022\/03\/torta-de-naranja_1-2-255x338.jpg 255w\" sizes=\"(max-width: 680px) 100vw, 680px\" \/><\/div>\n        <\/div>\n        \n        <div class=\"wprm-ts-buttons\">\n            <a href=\"https:\/\/holavegan.com\/en\/wprm_print\/torta-invertida-de-naranja-y-caramelo\" style=\"color: #ffffff;background-color: #ffffff;border-color: #ffffff;border-radius: 100px;padding: 0px 8px;\" class=\"wprm-recipe-print wprm-recipe-link wprm-print-recipe-shortcode wprm-block-text-bold wprm-recipe-print-inline-button wprm-recipe-link-inline-button wprm-color-accent\" data-recipe-id=\"7877\" data-template=\"\" target=\"_blank\" rel=\"nofollow\" aria-label=\"Print Recipe\"><span class=\"wprm-recipe-icon wprm-recipe-print-icon\"><svg xmlns=\"http:\/\/www.w3.org\/2000\/svg\" xmlns:xlink=\"http:\/\/www.w3.org\/1999\/xlink\" x=\"0px\" y=\"0px\" width=\"16px\" height=\"16px\" viewbox=\"0 0 24 24\"><g ><path fill=\"#000000\" d=\"M19,5.09V1c0-0.552-0.448-1-1-1H6C5.448,0,5,0.448,5,1v4.09C2.167,5.569,0,8.033,0,11v7c0,0.552,0.448,1,1,1h4v4c0,0.552,0.448,1,1,1h12c0.552,0,1-0.448,1-1v-4h4c0.552,0,1-0.448,1-1v-7C24,8.033,21.833,5.569,19,5.09z M7,2h10v3H7V2z M17,22H7v-9h10V22z M18,10c-0.552,0-1-0.448-1-1c0-0.552,0.448-1,1-1s1,0.448,1,1C19,9.552,18.552,10,18,10z\"\/><\/g><\/svg><\/span> <\/a>\n            <a href=\"https:\/\/www.pinterest.com\/pin\/create\/bookmarklet\/?url=https%3A%2F%2Fholavegan.com%2Fen%2Ftorta-invertida-de-naranja-y-caramelo%2F&amp;media=https%3A%2F%2Fholavegan.com%2Fwp-content%2Fuploads%2F2022%2F03%2Ftorta-de-naranja_1-2.jpg&amp;description=Torta+invertida+de+naranja+y+caramelo&amp;is_video=false\" target=\"_blank\" rel=\"nofollow noopener\" data-recipe=\"7877\" data-url=\"https:\/\/holavegan.com\/en\/torta-invertida-de-naranja-y-caramelo\/\" data-media=\"https:\/\/holavegan.com\/wp-content\/uploads\/2022\/03\/torta-de-naranja_1-2.jpg\" data-description=\"Torta invertida de naranja y caramelo\" data-repin=\"\" role=\"button\" aria-label=\"Pin Recipe\" style=\"color: #ffffff;background-color: #ffffff;border-color: #ffffff;border-radius: 100px;padding: 0px 8px;\" class=\"wprm-recipe-pin wprm-recipe-link wprm-block-text-bold wprm-recipe-pin-inline-button wprm-recipe-link-inline-button wprm-color-accent\"><span class=\"wprm-recipe-icon wprm-recipe-pin-icon\"><svg xmlns=\"http:\/\/www.w3.org\/2000\/svg\" width=\"16\" height=\"16\" viewbox=\"0 0 24 24\"><g class=\"nc-icon-wrapper\" fill=\"#000000\"><path fill=\"#000000\" d=\"M12,0C5.4,0,0,5.4,0,12c0,5.1,3.2,9.4,7.6,11.2c-0.1-0.9-0.2-2.4,0-3.4c0.2-0.9,1.4-6,1.4-6S8.7,13,8.7,12 c0-1.7,1-2.9,2.2-2.9c1,0,1.5,0.8,1.5,1.7c0,1-0.7,2.6-1,4c-0.3,1.2,0.6,2.2,1.8,2.2c2.1,0,3.8-2.2,3.8-5.5c0-2.9-2.1-4.9-5-4.9 c-3.4,0-5.4,2.6-5.4,5.2c0,1,0.4,2.1,0.9,2.7c0.1,0.1,0.1,0.2,0.1,0.3c-0.1,0.4-0.3,1.2-0.3,1.4c-0.1,0.2-0.2,0.3-0.4,0.2 c-1.5-0.7-2.4-2.9-2.4-4.6c0-3.8,2.8-7.3,7.9-7.3c4.2,0,7.4,3,7.4,6.9c0,4.1-2.6,7.5-6.2,7.5c-1.2,0-2.4-0.6-2.8-1.4 c0,0-0.6,2.3-0.7,2.9c-0.3,1-1,2.3-1.5,3.1C9.6,23.8,10.8,24,12,24c6.6,0,12-5.4,12-12C24,5.4,18.6,0,12,0z\"><\/path><\/g><\/svg><\/span> <\/a>\n        <\/div>\n    <\/div>\n    \n    <div class=\"wprm-ts-header\">   \n        \n        <h2 class=\"wprm-recipe-name wprm-block-text-bold\">Torta invertida de naranja y caramelo<\/h2>\n        \n    <\/div>\n    \n    <div class=\"wprm-ts-main-meta\">\n        <div class=\"wprm-recipe-block-container wprm-recipe-block-container-inline wprm-block-text-normal wprm-recipe-servings-container\" style=\"\"><span class=\"wprm-recipe-details-label wprm-block-text-bold wprm-recipe-servings-label\">Servings <\/span><span class=\"wprm-recipe-servings wprm-recipe-details wprm-recipe-servings-7877 wprm-recipe-servings-adjustable-tooltip wprm-block-text-normal\" data-recipe=\"7877\" aria-label=\"Adjust recipe servings\">8<\/span><\/div>\n        <div class=\"wprm-recipe-meta-container wprm-recipe-times-container wprm-recipe-details-container wprm-recipe-details-container-inline wprm-block-text-normal\"><div class=\"wprm-recipe-block-container wprm-recipe-block-container-inline wprm-block-text-normal wprm-recipe-time-container wprm-recipe-prep-time-container\" style=\"\"><span class=\"wprm-recipe-details-label wprm-block-text-bold wprm-recipe-time-label wprm-recipe-prep-time-label\">Prep Time <\/span><span class=\"wprm-recipe-time wprm-block-text-normal\"><span class=\"wprm-recipe-details wprm-recipe-details-minutes wprm-recipe-prep_time wprm-recipe-prep_time-minutes\">12<span class=\"sr-only screen-reader-text wprm-screen-reader-text\"> minutes<\/span><\/span> <span class=\"wprm-recipe-details-unit wprm-recipe-details-minutes wprm-recipe-prep_time-unit wprm-recipe-prep_timeunit-minutes\" aria-hidden=\"true\">mins<\/span><\/span><\/div><div class=\"wprm-recipe-block-container wprm-recipe-block-container-inline wprm-block-text-normal wprm-recipe-time-container wprm-recipe-cook-time-container\" style=\"\"><span class=\"wprm-recipe-details-label wprm-block-text-bold wprm-recipe-time-label wprm-recipe-cook-time-label\">Cook Time <\/span><span class=\"wprm-recipe-time wprm-block-text-normal\"><span class=\"wprm-recipe-details wprm-recipe-details-minutes wprm-recipe-cook_time wprm-recipe-cook_time-minutes\">20<span class=\"sr-only screen-reader-text wprm-screen-reader-text\"> minutes<\/span><\/span> <span class=\"wprm-recipe-details-unit wprm-recipe-details-minutes wprm-recipe-cook_time-unit wprm-recipe-cook_timeunit-minutes\" aria-hidden=\"true\">mins<\/span><\/span><\/div><\/div>\n    <\/div>\n    \n    <div class=\"wprm-ts-equipment-ingredients\">\n        \n        <div id=\"recipe-7877-ingredients\" class=\"wprm-recipe-ingredients-container wprm-recipe-ingredients-no-images wprm-recipe-7877-ingredients-container wprm-block-text-normal wprm-ingredient-style-regular wprm-recipe-images-before\" data-recipe=\"7877\" data-servings=\"8\"><h3 class=\"wprm-recipe-header wprm-recipe-ingredients-header wprm-block-text-bold wprm-align-left wprm-header-decoration-none\" style=\"\">Ingredients<\/h3><div class=\"wprm-recipe-ingredient-group\"><h4 class=\"wprm-recipe-group-name wprm-recipe-ingredient-group-name wprm-block-text-bold\">Para la base<\/h4><ul class=\"wprm-recipe-ingredients\"><li class=\"wprm-recipe-ingredient\" style=\"list-style-type: disc;\" data-uid=\"-1\"><span class=\"wprm-recipe-ingredient-amount\">3\/4<\/span>&#32;<span class=\"wprm-recipe-ingredient-unit\">cup of <\/span>&#32;<span class=\"wprm-recipe-ingredient-name\">az\u00facar org\u00e1nica<\/span><\/li><li class=\"wprm-recipe-ingredient\" style=\"list-style-type: disc;\" data-uid=\"-1\"><span class=\"wprm-recipe-ingredient-amount\">1<\/span>&#32;<span class=\"wprm-recipe-ingredient-unit\">cucharada de<\/span>&#32;<span class=\"wprm-recipe-ingredient-name\">aceite de coco<\/span><\/li><li class=\"wprm-recipe-ingredient\" style=\"list-style-type: disc;\" data-uid=\"-1\"><span class=\"wprm-recipe-ingredient-amount\">2<\/span>&#32;<span class=\"wprm-recipe-ingredient-name\">naranjas<\/span><\/li><\/ul><\/div><div class=\"wprm-recipe-ingredient-group\"><h4 class=\"wprm-recipe-group-name wprm-recipe-ingredient-group-name wprm-block-text-bold\">Para la masa<\/h4><ul class=\"wprm-recipe-ingredients\"><li class=\"wprm-recipe-ingredient\" style=\"list-style-type: disc;\" data-uid=\"-1\"><span class=\"wprm-recipe-ingredient-amount\">2<\/span>&#32;<span class=\"wprm-recipe-ingredient-unit\">tazas de <\/span>&#32;<span class=\"wprm-recipe-ingredient-name\">harina de espelta<\/span><\/li><li class=\"wprm-recipe-ingredient\" style=\"list-style-type: disc;\" data-uid=\"-1\"><span class=\"wprm-recipe-ingredient-amount\">1<\/span>&#32;<span class=\"wprm-recipe-ingredient-unit\">cucharadita de<\/span>&#32;<span class=\"wprm-recipe-ingredient-name\">psyllium en polvo<\/span><\/li><li class=\"wprm-recipe-ingredient\" style=\"list-style-type: disc;\" data-uid=\"-1\"><span class=\"wprm-recipe-ingredient-amount\">2<\/span>&#32;<span class=\"wprm-recipe-ingredient-unit\">cucharaditas de <\/span>&#32;<span class=\"wprm-recipe-ingredient-name\">polvo para hornear<\/span><\/li><li class=\"wprm-recipe-ingredient\" style=\"list-style-type: disc;\" data-uid=\"-1\"><span class=\"wprm-recipe-ingredient-amount\">1\/2<\/span>&#32;<span class=\"wprm-recipe-ingredient-unit\">cup of <\/span>&#32;<span class=\"wprm-recipe-ingredient-name\">az\u00facar<\/span><\/li><li class=\"wprm-recipe-ingredient\" style=\"list-style-type: disc;\" data-uid=\"-1\"><span class=\"wprm-recipe-ingredient-amount\">1<\/span>&#32;<span class=\"wprm-recipe-ingredient-unit\">cucharadita de <\/span>&#32;<span class=\"wprm-recipe-ingredient-name\">canela en polvo<\/span>&#32;<span class=\"wprm-recipe-ingredient-notes wprm-recipe-ingredient-notes-faded\">opcional<\/span><\/li><li class=\"wprm-recipe-ingredient\" style=\"list-style-type: disc;\" data-uid=\"-1\"><span class=\"wprm-recipe-ingredient-amount\">1\/4<\/span>&#32;<span class=\"wprm-recipe-ingredient-unit\">cup of<\/span>&#32;<span class=\"wprm-recipe-ingredient-name\">leche vegetal o agua<\/span><\/li><li class=\"wprm-recipe-ingredient\" style=\"list-style-type: disc;\" data-uid=\"-1\"><span class=\"wprm-recipe-ingredient-amount\">1\/4<\/span>&#32;<span class=\"wprm-recipe-ingredient-unit\">cup of<\/span>&#32;<span class=\"wprm-recipe-ingredient-name\">aceite de coco <\/span>&#32;<span class=\"wprm-recipe-ingredient-notes wprm-recipe-ingredient-notes-faded\">o neutro<\/span><\/li><li class=\"wprm-recipe-ingredient\" style=\"list-style-type: disc;\" data-uid=\"-1\"><span class=\"wprm-recipe-ingredient-name\">cascaritas de naranja<\/span>&#32;<span class=\"wprm-recipe-ingredient-notes wprm-recipe-ingredient-notes-faded\">opcional<\/span><\/li><\/ul><\/div><\/div>\n    <\/div>\n    \n    <div class=\"wprm-ts-instructions\">\n        <div id=\"recipe-7877-instructions\" class=\"wprm-recipe-instructions-container wprm-recipe-7877-instructions-container wprm-block-text-normal\" data-recipe=\"7877\"><h3 class=\"wprm-recipe-header wprm-recipe-instructions-header wprm-block-text-bold wprm-align-left wprm-header-decoration-none\" style=\"\">Instructions<\/h3><div class=\"wprm-recipe-instruction-group\"><h4 class=\"wprm-recipe-group-name wprm-recipe-instruction-group-name wprm-block-text-bold\">Para la base<\/h4><ul class=\"wprm-recipe-instructions\"><li id=\"wprm-recipe-7877-step-0-0\" class=\"wprm-recipe-instruction\" style=\"list-style-type: decimal;\"><div class=\"wprm-recipe-instruction-text\" style=\"margin-bottom: 20px;\"><span style=\"display: block;\">Pelar y cortar en gajos peque\u00f1os las naranjas. Quitarle el albedo (las partes blancas) y las semillas.<\/span><\/div><\/li><li id=\"wprm-recipe-7877-step-0-1\" class=\"wprm-recipe-instruction\" style=\"list-style-type: decimal;\"><div class=\"wprm-recipe-instruction-text\" style=\"margin-bottom: 20px;\"><span style=\"display: block;\">En el centro del molde que vamos a usar colocar el az\u00facar y el aceite de coco.<\/span><\/div><\/li><li id=\"wprm-recipe-7877-step-0-2\" class=\"wprm-recipe-instruction\" style=\"list-style-type: decimal;\"><div class=\"wprm-recipe-instruction-text\" style=\"margin-bottom: 20px;\"><span style=\"display: block;\">Llevar el molde al fuego de la hornalla. Debe estar bien bajito para que no se queme. Cuando comienza a fundirse el az\u00facar formando el caramelo, esparcir bien cubriendo la base del molde y colocar lo m\u00e1s prolijo que se pueda los gajos de naranja. Reservar.<\/span><\/div><\/li><\/ul><\/div><div class=\"wprm-recipe-instruction-group\"><h4 class=\"wprm-recipe-group-name wprm-recipe-instruction-group-name wprm-block-text-bold\">Para la masa<\/h4><ul class=\"wprm-recipe-instructions\"><li id=\"wprm-recipe-7877-step-1-0\" class=\"wprm-recipe-instruction\" style=\"list-style-type: decimal;\"><div class=\"wprm-recipe-instruction-text\" style=\"margin-bottom: 20px;\"><span style=\"display: block;\">Cortar en tiritas bien finitas un pedacito de la c\u00e1scara de una de las naranjas. <\/span><\/div><\/li><li id=\"wprm-recipe-7877-step-1-1\" class=\"wprm-recipe-instruction\" style=\"list-style-type: decimal;\"><div class=\"wprm-recipe-instruction-text\" style=\"margin-bottom: 20px;\"><span style=\"display: block;\">Mezclar los ingredientes secos por un lado y por el otro los h\u00famedos.<\/span><\/div><\/li><li id=\"wprm-recipe-7877-step-1-2\" class=\"wprm-recipe-instruction\" style=\"list-style-type: decimal;\"><div class=\"wprm-recipe-instruction-text\" style=\"margin-bottom: 20px;\"><span style=\"display: block;\">Incorporar los h\u00famedos a los secos y agregar los pedacitos de c\u00e1scara. Integrar bien.<\/span><\/div><\/li><li id=\"wprm-recipe-7877-step-1-3\" class=\"wprm-recipe-instruction\" style=\"list-style-type: decimal;\"><div class=\"wprm-recipe-instruction-text\" style=\"margin-bottom: 20px;\"><span style=\"display: block;\">Colocar esta mezcla en el molde con el caramelo y las naranjas y llevar a un horno medio 180\u00b0pre-calentado, durante unos 20 minutos. Pasado ese tiempo se puede sacar y probar con un palillo. <\/span><\/div><\/li><li id=\"wprm-recipe-7877-step-1-4\" class=\"wprm-recipe-instruction\" style=\"list-style-type: decimal;\"><div class=\"wprm-recipe-instruction-text\" style=\"margin-bottom: 20px;\"><span style=\"display: block;\">A diferencia de la mayor\u00eda de las tortas, \u00e9sta se desmolda EN CALIENTE. Es un paso que hay que hacer r\u00e1pido y con mucho cuidado, ya que no deber\u00eda romperse. El tema es que si esperamos a que se enfr\u00ede, el caramelo se puede pegar en el molde.<\/span><\/div><\/li><\/ul><\/div><\/div>\n        <div id=\"recipe-video\"><\/div>\n    <\/div>\n    \n    \n    \n    <div class=\"wprm-ts-meta\">\n        \n        \n        \n        <div class=\"wprm-recipe-meta-container wprm-recipe-tags-container wprm-recipe-details-container wprm-recipe-details-container-inline wprm-block-text-normal\"><div class=\"wprm-recipe-block-container wprm-recipe-block-container-inline wprm-block-text-normal wprm-recipe-tag-container wprm-recipe-course-container\" style=\"\"><span class=\"wprm-recipe-icon wprm-recipe-tag-icon wprm-recipe-course-icon\"><svg xmlns=\"http:\/\/www.w3.org\/2000\/svg\" xmlns:xlink=\"http:\/\/www.w3.org\/1999\/xlink\" x=\"0px\" y=\"0px\" width=\"16px\" height=\"16px\" viewbox=\"0 0 24 24\"><g ><path fill=\"#333333\" d=\"M22.707,12.293l-11-11C11.52,1.106,11.265,1,11,1H2C1.448,1,1,1.448,1,2v9c0,0.265,0.105,0.52,0.293,0.707l11,11C12.488,22.903,12.744,23,13,23s0.512-0.098,0.707-0.293l9-9C23.098,13.317,23.098,12.684,22.707,12.293z M7,9C5.895,9,5,8.105,5,7c0-1.105,0.895-2,2-2s2,0.895,2,2C9,8.105,8.105,9,7,9z M13,17.414L8.586,13L10,11.586L14.414,16L13,17.414z M16,14.414L11.586,10L13,8.586L17.414,13L16,14.414z\"\/><\/g><\/svg><\/span> <span class=\"wprm-recipe-details-label wprm-block-text-bold wprm-recipe-tag-label wprm-recipe-course-label\">Plato: <\/span><span class=\"wprm-recipe-course wprm-block-text-normal\">Sweets and desserts<\/span><\/div><\/div>\n    <\/div>\n    \n    \n<\/div><\/div><\/div>","protected":false},"excerpt":{"rendered":"<p>Hoy les comparto una receta de mi suegra Cristina, que siempre hace cuando van sus amigas a tomar el t\u00e9. Como todav\u00eda no tuve la fortuna de probarla hecha por ella, le ped\u00ed la receta para poder hacerla en versi\u00f3n vegan porque siempre que me la describ\u00eda se me hac\u00eda agua la boca. La diferencia &#8230;<\/p>","protected":false},"author":7,"featured_media":14871,"comment_status":"open","ping_status":"open","sticky":false,"template":"","format":"standard","meta":{"wprm-recipe-roundup-name":"","wprm-recipe-roundup-description":"","loftocean_post_primary_category":0,"loftocean_post_format_gallery":"","loftocean_post_format_gallery_ids":"","loftocean_post_format_gallery_urls":"","loftocean_post_format_video_id":0,"loftocean_post_format_video_url":"","loftocean_post_format_video_type":"","loftocean_post_format_video":"","loftocean_post_format_audio_type":"","loftocean_post_format_audio_url":"","loftocean_post_format_audio_id":0,"loftocean_post_format_audio":"","loftocean-featured-post":"","loftocean-like-count":0,"loftocean-view-count":999,"tinysalt_single_post_intro_label":"","tinysalt_single_post_intro_description":"","tinysalt_hide_post_featured_image":"","tinysalt_post_featured_media_position":"","tinysalt_single_site_header_source":"","tinysalt_single_custom_site_header":"0","tinysalt_single_custom_sticky_site_header":"0","tinysalt_single_custom_sticky_site_header_style":"sticky-scroll-up","tinysalt_single_site_footer_source":"","tinysalt_single_custom_site_footer":"0","footnotes":""},"categories":[5409,315],"tags":[673,1706,2580,2583,2589,2590,2592,2594],"class_list":["post-7876","post","type-post","status-publish","format-standard","has-post-thumbnail","hentry","category-dulces-y-postres","category-recetas","tag-caramelo","tag-naranjas","tag-torta-de-caramelo-y-naranka","tag-torta-de-la-suegra","tag-torta-humeda-invertida","tag-torta-invertida","tag-torta-invertida-de-naranja-y-caramelo","tag-torta-para-el-te"],"yoast_head":"<!-- This site is optimized with the Yoast SEO plugin v27.4 - https:\/\/yoast.com\/product\/yoast-seo-wordpress\/ -->\n<title>Torta invertida de naranja y caramelo - Hola Vegan<\/title>\n<meta name=\"robots\" content=\"noindex, follow, max-snippet:-1, max-image-preview:large, max-video-preview:-1\" \/>\n<meta property=\"og:locale\" content=\"en_US\" \/>\n<meta property=\"og:type\" content=\"article\" \/>\n<meta property=\"og:title\" content=\"Torta invertida de naranja y caramelo - Hola Vegan\" \/>\n<meta property=\"og:description\" content=\"Hoy les comparto una receta de mi suegra Cristina, que siempre hace cuando van sus amigas a tomar el t\u00e9. Como todav\u00eda no tuve la fortuna de probarla hecha por ella, le ped\u00ed la receta para poder hacerla en versi\u00f3n vegan porque siempre que me la describ\u00eda se me hac\u00eda agua la boca. La diferencia ...\" \/>\n<meta property=\"og:url\" content=\"https:\/\/holavegan.com\/en\/torta-invertida-de-naranja-y-caramelo\/\" \/>\n<meta property=\"og:site_name\" content=\"Hola Vegan\" \/>\n<meta property=\"article:published_time\" content=\"2022-03-30T19:24:41+00:00\" \/>\n<meta property=\"article:modified_time\" content=\"2026-04-12T21:21:19+00:00\" \/>\n<meta property=\"og:image\" content=\"https:\/\/holavegan.com\/wp-content\/uploads\/2026\/04\/torta-de-naranja_1.jpg\" \/>\n\t<meta property=\"og:image:width\" content=\"680\" \/>\n\t<meta property=\"og:image:height\" content=\"900\" \/>\n\t<meta property=\"og:image:type\" content=\"image\/jpeg\" \/>\n<meta name=\"author\" content=\"sabrinaraffaelli\" \/>\n<meta name=\"twitter:card\" content=\"summary_large_image\" \/>\n<meta name=\"twitter:label1\" content=\"Written by\" \/>\n\t<meta name=\"twitter:data1\" content=\"sabrinaraffaelli\" \/>\n\t<meta name=\"twitter:label2\" content=\"Est. reading time\" \/>\n\t<meta name=\"twitter:data2\" content=\"3 minutes\" \/>\n<script type=\"application\/ld+json\" class=\"yoast-schema-graph\">{\"@context\":\"https:\\\/\\\/schema.org\",\"@graph\":[{\"@type\":\"Article\",\"@id\":\"https:\\\/\\\/holavegan.com\\\/en\\\/torta-invertida-de-naranja-y-caramelo\\\/#article\",\"isPartOf\":{\"@id\":\"https:\\\/\\\/holavegan.com\\\/en\\\/torta-invertida-de-naranja-y-caramelo\\\/\"},\"author\":{\"name\":\"sabrinaraffaelli\",\"@id\":\"https:\\\/\\\/holavegan.com\\\/en\\\/#\\\/schema\\\/person\\\/5599ad38a519bc801a36e6671e3e04dc\"},\"headline\":\"Torta invertida de naranja y caramelo\",\"datePublished\":\"2022-03-30T19:24:41+00:00\",\"dateModified\":\"2026-04-12T21:21:19+00:00\",\"mainEntityOfPage\":{\"@id\":\"https:\\\/\\\/holavegan.com\\\/en\\\/torta-invertida-de-naranja-y-caramelo\\\/\"},\"wordCount\":741,\"commentCount\":0,\"publisher\":{\"@id\":\"https:\\\/\\\/holavegan.com\\\/en\\\/#organization\"},\"image\":{\"@id\":\"https:\\\/\\\/holavegan.com\\\/en\\\/torta-invertida-de-naranja-y-caramelo\\\/#primaryimage\"},\"thumbnailUrl\":\"https:\\\/\\\/holavegan.com\\\/wp-content\\\/uploads\\\/2026\\\/04\\\/torta-de-naranja_1.jpg\",\"keywords\":[\"caramelo\",\"naranjas\",\"torta de caramelo y naranka\",\"torta de la suegra\",\"torta h\u00fameda invertida\",\"torta invertida\",\"torta invertida de naranja y caramelo\",\"torta para el t\u00e9\"],\"articleSection\":[\"Dulces y postres\",\"Recetas\"],\"inLanguage\":\"en-US\",\"potentialAction\":[{\"@type\":\"CommentAction\",\"name\":\"Comment\",\"target\":[\"https:\\\/\\\/holavegan.com\\\/en\\\/torta-invertida-de-naranja-y-caramelo\\\/#respond\"]}]},{\"@type\":\"WebPage\",\"@id\":\"https:\\\/\\\/holavegan.com\\\/en\\\/torta-invertida-de-naranja-y-caramelo\\\/\",\"url\":\"https:\\\/\\\/holavegan.com\\\/en\\\/torta-invertida-de-naranja-y-caramelo\\\/\",\"name\":\"Torta invertida de naranja y caramelo - Hola Vegan\",\"isPartOf\":{\"@id\":\"https:\\\/\\\/holavegan.com\\\/en\\\/#website\"},\"primaryImageOfPage\":{\"@id\":\"https:\\\/\\\/holavegan.com\\\/en\\\/torta-invertida-de-naranja-y-caramelo\\\/#primaryimage\"},\"image\":{\"@id\":\"https:\\\/\\\/holavegan.com\\\/en\\\/torta-invertida-de-naranja-y-caramelo\\\/#primaryimage\"},\"thumbnailUrl\":\"https:\\\/\\\/holavegan.com\\\/wp-content\\\/uploads\\\/2026\\\/04\\\/torta-de-naranja_1.jpg\",\"datePublished\":\"2022-03-30T19:24:41+00:00\",\"dateModified\":\"2026-04-12T21:21:19+00:00\",\"breadcrumb\":{\"@id\":\"https:\\\/\\\/holavegan.com\\\/en\\\/torta-invertida-de-naranja-y-caramelo\\\/#breadcrumb\"},\"inLanguage\":\"en-US\",\"potentialAction\":[{\"@type\":\"ReadAction\",\"target\":[\"https:\\\/\\\/holavegan.com\\\/en\\\/torta-invertida-de-naranja-y-caramelo\\\/\"]}]},{\"@type\":\"ImageObject\",\"inLanguage\":\"en-US\",\"@id\":\"https:\\\/\\\/holavegan.com\\\/en\\\/torta-invertida-de-naranja-y-caramelo\\\/#primaryimage\",\"url\":\"https:\\\/\\\/holavegan.com\\\/wp-content\\\/uploads\\\/2026\\\/04\\\/torta-de-naranja_1.jpg\",\"contentUrl\":\"https:\\\/\\\/holavegan.com\\\/wp-content\\\/uploads\\\/2026\\\/04\\\/torta-de-naranja_1.jpg\",\"width\":680,\"height\":900},{\"@type\":\"BreadcrumbList\",\"@id\":\"https:\\\/\\\/holavegan.com\\\/en\\\/torta-invertida-de-naranja-y-caramelo\\\/#breadcrumb\",\"itemListElement\":[{\"@type\":\"ListItem\",\"position\":1,\"name\":\"Home\",\"item\":\"https:\\\/\\\/holavegan.com\\\/en\\\/\"},{\"@type\":\"ListItem\",\"position\":2,\"name\":\"Torta invertida de naranja y caramelo\"}]},{\"@type\":\"WebSite\",\"@id\":\"https:\\\/\\\/holavegan.com\\\/en\\\/#website\",\"url\":\"https:\\\/\\\/holavegan.com\\\/en\\\/\",\"name\":\"Hola Vegan\",\"description\":\"Un blog de las Veganas Hermanas\",\"publisher\":{\"@id\":\"https:\\\/\\\/holavegan.com\\\/en\\\/#organization\"},\"potentialAction\":[{\"@type\":\"SearchAction\",\"target\":{\"@type\":\"EntryPoint\",\"urlTemplate\":\"https:\\\/\\\/holavegan.com\\\/en\\\/?s={search_term_string}\"},\"query-input\":{\"@type\":\"PropertyValueSpecification\",\"valueRequired\":true,\"valueName\":\"search_term_string\"}}],\"inLanguage\":\"en-US\"},{\"@type\":\"Organization\",\"@id\":\"https:\\\/\\\/holavegan.com\\\/en\\\/#organization\",\"name\":\"Hola Vegan\",\"url\":\"https:\\\/\\\/holavegan.com\\\/en\\\/\",\"logo\":{\"@type\":\"ImageObject\",\"inLanguage\":\"en-US\",\"@id\":\"https:\\\/\\\/holavegan.com\\\/en\\\/#\\\/schema\\\/logo\\\/image\\\/\",\"url\":\"https:\\\/\\\/holavegan.com\\\/wp-content\\\/uploads\\\/2023\\\/03\\\/cropped-logo-h@2x-1-2.png\",\"contentUrl\":\"https:\\\/\\\/holavegan.com\\\/wp-content\\\/uploads\\\/2023\\\/03\\\/cropped-logo-h@2x-1-2.png\",\"width\":700,\"height\":200,\"caption\":\"Hola Vegan\"},\"image\":{\"@id\":\"https:\\\/\\\/holavegan.com\\\/en\\\/#\\\/schema\\\/logo\\\/image\\\/\"}},{\"@type\":\"Person\",\"@id\":\"https:\\\/\\\/holavegan.com\\\/en\\\/#\\\/schema\\\/person\\\/5599ad38a519bc801a36e6671e3e04dc\",\"name\":\"sabrinaraffaelli\",\"image\":{\"@type\":\"ImageObject\",\"inLanguage\":\"en-US\",\"@id\":\"https:\\\/\\\/secure.gravatar.com\\\/avatar\\\/503cd4bfde7227f986691b1d81cabf012784feb22e4a0161ffc2dc89d7bad6c0?s=96&d=mm&r=g\",\"url\":\"https:\\\/\\\/secure.gravatar.com\\\/avatar\\\/503cd4bfde7227f986691b1d81cabf012784feb22e4a0161ffc2dc89d7bad6c0?s=96&d=mm&r=g\",\"contentUrl\":\"https:\\\/\\\/secure.gravatar.com\\\/avatar\\\/503cd4bfde7227f986691b1d81cabf012784feb22e4a0161ffc2dc89d7bad6c0?s=96&d=mm&r=g\",\"caption\":\"sabrinaraffaelli\"},\"url\":\"https:\\\/\\\/holavegan.com\\\/en\\\/author\\\/sabrinaraffaelli\\\/\"}]}<\/script>\n<!-- \/ Yoast SEO plugin. -->","yoast_head_json":{"title":"Torta invertida de naranja y caramelo - Hola Vegan","robots":{"index":"noindex","follow":"follow","max-snippet":"max-snippet:-1","max-image-preview":"max-image-preview:large","max-video-preview":"max-video-preview:-1"},"og_locale":"en_US","og_type":"article","og_title":"Torta invertida de naranja y caramelo - Hola Vegan","og_description":"Hoy les comparto una receta de mi suegra Cristina, que siempre hace cuando van sus amigas a tomar el t\u00e9. Como todav\u00eda no tuve la fortuna de probarla hecha por ella, le ped\u00ed la receta para poder hacerla en versi\u00f3n vegan porque siempre que me la describ\u00eda se me hac\u00eda agua la boca. La diferencia ...","og_url":"https:\/\/holavegan.com\/en\/torta-invertida-de-naranja-y-caramelo\/","og_site_name":"Hola Vegan","article_published_time":"2022-03-30T19:24:41+00:00","article_modified_time":"2026-04-12T21:21:19+00:00","og_image":[{"width":680,"height":900,"url":"https:\/\/holavegan.com\/wp-content\/uploads\/2026\/04\/torta-de-naranja_1.jpg","type":"image\/jpeg"}],"author":"sabrinaraffaelli","twitter_card":"summary_large_image","twitter_misc":{"Written by":"sabrinaraffaelli","Est. reading time":"3 minutes"},"schema":{"@context":"https:\/\/schema.org","@graph":[{"@type":"Article","@id":"https:\/\/holavegan.com\/en\/torta-invertida-de-naranja-y-caramelo\/#article","isPartOf":{"@id":"https:\/\/holavegan.com\/en\/torta-invertida-de-naranja-y-caramelo\/"},"author":{"name":"sabrinaraffaelli","@id":"https:\/\/holavegan.com\/en\/#\/schema\/person\/5599ad38a519bc801a36e6671e3e04dc"},"headline":"Torta invertida de naranja y caramelo","datePublished":"2022-03-30T19:24:41+00:00","dateModified":"2026-04-12T21:21:19+00:00","mainEntityOfPage":{"@id":"https:\/\/holavegan.com\/en\/torta-invertida-de-naranja-y-caramelo\/"},"wordCount":741,"commentCount":0,"publisher":{"@id":"https:\/\/holavegan.com\/en\/#organization"},"image":{"@id":"https:\/\/holavegan.com\/en\/torta-invertida-de-naranja-y-caramelo\/#primaryimage"},"thumbnailUrl":"https:\/\/holavegan.com\/wp-content\/uploads\/2026\/04\/torta-de-naranja_1.jpg","keywords":["caramelo","naranjas","torta de caramelo y naranka","torta de la suegra","torta h\u00fameda invertida","torta invertida","torta invertida de naranja y caramelo","torta para el t\u00e9"],"articleSection":["Dulces y postres","Recetas"],"inLanguage":"en-US","potentialAction":[{"@type":"CommentAction","name":"Comment","target":["https:\/\/holavegan.com\/en\/torta-invertida-de-naranja-y-caramelo\/#respond"]}]},{"@type":"WebPage","@id":"https:\/\/holavegan.com\/en\/torta-invertida-de-naranja-y-caramelo\/","url":"https:\/\/holavegan.com\/en\/torta-invertida-de-naranja-y-caramelo\/","name":"Torta invertida de naranja y caramelo - Hola Vegan","isPartOf":{"@id":"https:\/\/holavegan.com\/en\/#website"},"primaryImageOfPage":{"@id":"https:\/\/holavegan.com\/en\/torta-invertida-de-naranja-y-caramelo\/#primaryimage"},"image":{"@id":"https:\/\/holavegan.com\/en\/torta-invertida-de-naranja-y-caramelo\/#primaryimage"},"thumbnailUrl":"https:\/\/holavegan.com\/wp-content\/uploads\/2026\/04\/torta-de-naranja_1.jpg","datePublished":"2022-03-30T19:24:41+00:00","dateModified":"2026-04-12T21:21:19+00:00","breadcrumb":{"@id":"https:\/\/holavegan.com\/en\/torta-invertida-de-naranja-y-caramelo\/#breadcrumb"},"inLanguage":"en-US","potentialAction":[{"@type":"ReadAction","target":["https:\/\/holavegan.com\/en\/torta-invertida-de-naranja-y-caramelo\/"]}]},{"@type":"ImageObject","inLanguage":"en-US","@id":"https:\/\/holavegan.com\/en\/torta-invertida-de-naranja-y-caramelo\/#primaryimage","url":"https:\/\/holavegan.com\/wp-content\/uploads\/2026\/04\/torta-de-naranja_1.jpg","contentUrl":"https:\/\/holavegan.com\/wp-content\/uploads\/2026\/04\/torta-de-naranja_1.jpg","width":680,"height":900},{"@type":"BreadcrumbList","@id":"https:\/\/holavegan.com\/en\/torta-invertida-de-naranja-y-caramelo\/#breadcrumb","itemListElement":[{"@type":"ListItem","position":1,"name":"Home","item":"https:\/\/holavegan.com\/en\/"},{"@type":"ListItem","position":2,"name":"Torta invertida de naranja y caramelo"}]},{"@type":"WebSite","@id":"https:\/\/holavegan.com\/en\/#website","url":"https:\/\/holavegan.com\/en\/","name":"Hello Vegan","description":"Un blog de las Veganas Hermanas","publisher":{"@id":"https:\/\/holavegan.com\/en\/#organization"},"potentialAction":[{"@type":"SearchAction","target":{"@type":"EntryPoint","urlTemplate":"https:\/\/holavegan.com\/en\/?s={search_term_string}"},"query-input":{"@type":"PropertyValueSpecification","valueRequired":true,"valueName":"search_term_string"}}],"inLanguage":"en-US"},{"@type":"Organization","@id":"https:\/\/holavegan.com\/en\/#organization","name":"Hello Vegan","url":"https:\/\/holavegan.com\/en\/","logo":{"@type":"ImageObject","inLanguage":"en-US","@id":"https:\/\/holavegan.com\/en\/#\/schema\/logo\/image\/","url":"https:\/\/holavegan.com\/wp-content\/uploads\/2023\/03\/cropped-logo-h@2x-1-2.png","contentUrl":"https:\/\/holavegan.com\/wp-content\/uploads\/2023\/03\/cropped-logo-h@2x-1-2.png","width":700,"height":200,"caption":"Hola Vegan"},"image":{"@id":"https:\/\/holavegan.com\/en\/#\/schema\/logo\/image\/"}},{"@type":"Person","@id":"https:\/\/holavegan.com\/en\/#\/schema\/person\/5599ad38a519bc801a36e6671e3e04dc","name":"sabrinaraffaelli","image":{"@type":"ImageObject","inLanguage":"en-US","@id":"https:\/\/secure.gravatar.com\/avatar\/503cd4bfde7227f986691b1d81cabf012784feb22e4a0161ffc2dc89d7bad6c0?s=96&d=mm&r=g","url":"https:\/\/secure.gravatar.com\/avatar\/503cd4bfde7227f986691b1d81cabf012784feb22e4a0161ffc2dc89d7bad6c0?s=96&d=mm&r=g","contentUrl":"https:\/\/secure.gravatar.com\/avatar\/503cd4bfde7227f986691b1d81cabf012784feb22e4a0161ffc2dc89d7bad6c0?s=96&d=mm&r=g","caption":"sabrinaraffaelli"},"url":"https:\/\/holavegan.com\/en\/author\/sabrinaraffaelli\/"}]}},"featured_image_src":"https:\/\/holavegan.com\/wp-content\/uploads\/2026\/04\/torta-de-naranja_1-600x400.jpg","featured_image_src_square":"https:\/\/holavegan.com\/wp-content\/uploads\/2026\/04\/torta-de-naranja_1-600x600.jpg","author_info":{"display_name":"sabrinaraffaelli","author_link":"https:\/\/holavegan.com\/en\/author\/sabrinaraffaelli\/"},"_links":{"self":[{"href":"https:\/\/holavegan.com\/en\/wp-json\/wp\/v2\/posts\/7876","targetHints":{"allow":["GET"]}}],"collection":[{"href":"https:\/\/holavegan.com\/en\/wp-json\/wp\/v2\/posts"}],"about":[{"href":"https:\/\/holavegan.com\/en\/wp-json\/wp\/v2\/types\/post"}],"author":[{"embeddable":true,"href":"https:\/\/holavegan.com\/en\/wp-json\/wp\/v2\/users\/7"}],"replies":[{"embeddable":true,"href":"https:\/\/holavegan.com\/en\/wp-json\/wp\/v2\/comments?post=7876"}],"version-history":[{"count":0,"href":"https:\/\/holavegan.com\/en\/wp-json\/wp\/v2\/posts\/7876\/revisions"}],"wp:featuredmedia":[{"embeddable":true,"href":"https:\/\/holavegan.com\/en\/wp-json\/wp\/v2\/media\/14871"}],"wp:attachment":[{"href":"https:\/\/holavegan.com\/en\/wp-json\/wp\/v2\/media?parent=7876"}],"wp:term":[{"taxonomy":"category","embeddable":true,"href":"https:\/\/holavegan.com\/en\/wp-json\/wp\/v2\/categories?post=7876"},{"taxonomy":"post_tag","embeddable":true,"href":"https:\/\/holavegan.com\/en\/wp-json\/wp\/v2\/tags?post=7876"}],"curies":[{"name":"wp","href":"https:\/\/api.w.org\/{rel}","templated":true}]}}