{"id":8133,"date":"2022-07-15T11:44:18","date_gmt":"2022-07-15T14:44:18","guid":{"rendered":"https:\/\/holavegan.com\/?p=8133"},"modified":"2026-04-12T13:38:14","modified_gmt":"2026-04-12T16:38:14","slug":"panqueques-de-avena-fermentada","status":"publish","type":"post","link":"https:\/\/holavegan.com\/en\/panqueques-de-avena-fermentada\/","title":{"rendered":"Panqueques de avena fermentada"},"content":{"rendered":"<div class=\"wp-block-image\">\n<figure class=\"aligncenter size-full\"><a href=\"https:\/\/holaveganc1dev.wpenginepowered.com\/wp-content\/uploads\/2022\/07\/panqueques_avena_1.png\"><img decoding=\"async\" src=\"https:\/\/holaveganc1dev.wpenginepowered.com\/wp-content\/uploads\/2022\/07\/panqueques_avena_1.png\" alt=\"\" class=\"wp-image-8134\"\/><\/a><\/figure>\n<\/div>\n\n\n<p>No s\u00e9 si han visto la viralidad que tuvieron en las redes estos panqueques de avena, la verdad han llamado mi atenci\u00f3n. &#8220;\u00bfC\u00f3mo con s\u00f3lo mezclar agua y avena iban a quedar ricos?&#8221; era mi pregunta. Entonces no me qued\u00f3 otra que probar!<\/p>\n\n\n\n<p>Y ahora habi\u00e9ndolos probado, la verdad es que la respuesta a mi pregunta es \u00a1NO LO S\u00c9! Jajaja! Porque no me limit\u00e9 a mezclar agua y avena, sino que quise ir un poco m\u00e1s all\u00e1 de la simplicidad de esta receta -sin entrar a poner ingredientes raros ni nada- y me pareci\u00f3 una idea genial fermentar la avena con k\u00e9fir, para que le aporte ese sabor \u00e1cido y particular y, en lugar de agua, usar leche vegetal.<\/p>\n<p>Como los iba a comer con este<a href=\"https:\/\/holaveganc1dev.wpenginepowered.com\/dulce-de-leche-repostero\/\"> Caramel candy<\/a> y no con algo salado, agregu\u00e9 extracto de vainilla, y si no le puse az\u00facar fue porque la leche que us\u00e9 estaba endulzada. Pero, tal vez, si los van a usar para comer solitos o con alg\u00fan otro relleno que no sea tan explosivo, le pueden agregar una cucharadita -siempre incorporando tambi\u00e9n una pizquita de sal para lograr un balance perfecto-.<\/p>\n\n\n\n<h5>Les cuento que<\/h5>\n\n\n\n<p>Quedan flexibles, no se parten, por lo que se pueden enrollar perfectamente o doblar como pa\u00f1uelitos, pero obviamente el grosor no va a ser muuuuy finito como un <a href=\"https:\/\/holaveganc1dev.wpenginepowered.com\/pan-que-ques\/\">panqueque<\/a> de harina de trigo. Tengan en cuenta que la avena es mucho m\u00e1s pesada que la harina y m\u00e1s gruesa.<\/p>\n\n\n<div class=\"wp-block-image\">\n<figure class=\"aligncenter size-full\"><a href=\"https:\/\/holaveganc1dev.wpenginepowered.com\/wp-content\/uploads\/2022\/07\/panqueques_avena_2.png\"><img decoding=\"async\" src=\"https:\/\/holaveganc1dev.wpenginepowered.com\/wp-content\/uploads\/2022\/07\/panqueques_avena_2.png\" alt=\"\" class=\"wp-image-8135\"\/><\/a><\/figure>\n<\/div>\n\n\n<p>Se podr\u00eda probar ajustar la cantidad de l\u00edquido para que queden m\u00e1s fluidos, pero a m\u00ed me gustan as\u00ed gruesitos!<\/p>\n\n\n\n<p>Tambi\u00e9n fueron un \u00e9xito en casa y, si les suma este dato, les cuento que quedan s\u00faper si los guardan en la heladera, en recipiente herm\u00e9tico o en bolsa para que no se sequen. Aunque, si hacen cantidad, lo ideal es guardarlos en el <em>freezer<\/em>, as\u00ed aseguran su frescura\u00a0a la hora de comerlos.<\/p>\n\n\n<div id=\"recipe\"><\/div><div id=\"wprm-recipe-container-8136\" class=\"wprm-recipe-container\" data-recipe-id=\"8136\" data-servings=\"0\"><div class=\"wprm-recipe wprm-recipe-template-tinysalt-recipe\"><div class=\"wprm-recipe-template-ts-container\">\n    <div class=\"wprm-ts-top\">\n        <div class=\"wprm-ts-img\">\n            \n        <\/div>\n        \n        <div class=\"wprm-ts-buttons\">\n            <a href=\"https:\/\/holavegan.com\/en\/wprm_print\/panqueques-de-avena-fermentada\" style=\"color: #ffffff;background-color: #ffffff;border-color: #ffffff;border-radius: 100px;padding: 0px 8px;\" class=\"wprm-recipe-print wprm-recipe-link wprm-print-recipe-shortcode wprm-block-text-bold wprm-recipe-print-inline-button wprm-recipe-link-inline-button wprm-color-accent\" data-recipe-id=\"8136\" data-template=\"\" target=\"_blank\" rel=\"nofollow\" aria-label=\"Print Recipe\"><span class=\"wprm-recipe-icon wprm-recipe-print-icon\"><svg xmlns=\"http:\/\/www.w3.org\/2000\/svg\" xmlns:xlink=\"http:\/\/www.w3.org\/1999\/xlink\" x=\"0px\" y=\"0px\" width=\"16px\" height=\"16px\" viewbox=\"0 0 24 24\"><g ><path fill=\"#000000\" d=\"M19,5.09V1c0-0.552-0.448-1-1-1H6C5.448,0,5,0.448,5,1v4.09C2.167,5.569,0,8.033,0,11v7c0,0.552,0.448,1,1,1h4v4c0,0.552,0.448,1,1,1h12c0.552,0,1-0.448,1-1v-4h4c0.552,0,1-0.448,1-1v-7C24,8.033,21.833,5.569,19,5.09z M7,2h10v3H7V2z M17,22H7v-9h10V22z M18,10c-0.552,0-1-0.448-1-1c0-0.552,0.448-1,1-1s1,0.448,1,1C19,9.552,18.552,10,18,10z\"\/><\/g><\/svg><\/span> <\/a>\n            \n        <\/div>\n    <\/div>\n    \n    <div class=\"wprm-ts-header\">   \n        \n        <h2 class=\"wprm-recipe-name wprm-block-text-bold\">Panqueques de avena fermentada<\/h2>\n        \n    <\/div>\n    \n    <div class=\"wprm-ts-main-meta\">\n        \n        <div class=\"wprm-recipe-meta-container wprm-recipe-times-container wprm-recipe-details-container wprm-recipe-details-container-inline wprm-block-text-normal\"><div class=\"wprm-recipe-block-container wprm-recipe-block-container-inline wprm-block-text-normal wprm-recipe-time-container wprm-recipe-prep-time-container\" style=\"\"><span class=\"wprm-recipe-details-label wprm-block-text-bold wprm-recipe-time-label wprm-recipe-prep-time-label\">Prep Time <\/span><span class=\"wprm-recipe-time wprm-block-text-normal\"><span class=\"wprm-recipe-details wprm-recipe-details-days wprm-recipe-prep_time wprm-recipe-prep_time-days\">1<span class=\"sr-only screen-reader-text wprm-screen-reader-text\"> day<\/span><\/span> <span class=\"wprm-recipe-details-unit wprm-recipe-details-unit-days wprm-recipe-prep_time-unit wprm-recipe-prep_timeunit-days\" aria-hidden=\"true\">d<\/span><\/span><\/div><div class=\"wprm-recipe-block-container wprm-recipe-block-container-inline wprm-block-text-normal wprm-recipe-time-container wprm-recipe-cook-time-container\" style=\"\"><span class=\"wprm-recipe-details-label wprm-block-text-bold wprm-recipe-time-label wprm-recipe-cook-time-label\">Cook Time <\/span><span class=\"wprm-recipe-time wprm-block-text-normal\"><span class=\"wprm-recipe-details wprm-recipe-details-minutes wprm-recipe-cook_time wprm-recipe-cook_time-minutes\">5<span class=\"sr-only screen-reader-text wprm-screen-reader-text\"> minutes<\/span><\/span> <span class=\"wprm-recipe-details-unit wprm-recipe-details-minutes wprm-recipe-cook_time-unit wprm-recipe-cook_timeunit-minutes\" aria-hidden=\"true\">mins<\/span><\/span><\/div><\/div>\n    <\/div>\n    \n    <div class=\"wprm-ts-equipment-ingredients\">\n        <div id=\"recipe-8136-equipment\" class=\"wprm-recipe-equipment-container wprm-block-text-normal\" data-recipe=\"8136\"><h3 class=\"wprm-recipe-header wprm-recipe-equipment-header wprm-block-text-bold wprm-align-left wprm-header-decoration-none\" style=\"\">Equipment<\/h3><ul class=\"wprm-recipe-equipment wprm-recipe-equipment-list\"><li class=\"wprm-recipe-equipment-item\" style=\"list-style-type: disc;\"><div class=\"wprm-recipe-equipment-name\">Blender<span class=\"wprm-recipe-equipment-notes wprm-recipe-equipment-notes-normal\">o mixer<\/span><\/div><\/li><li class=\"wprm-recipe-equipment-item\" style=\"list-style-type: disc;\"><div class=\"wprm-recipe-equipment-name\">panquequera<\/div><\/li><\/ul><\/div>\n        <div id=\"recipe-8136-ingredients\" class=\"wprm-recipe-ingredients-container wprm-recipe-ingredients-no-images wprm-recipe-8136-ingredients-container wprm-block-text-normal wprm-ingredient-style-regular wprm-recipe-images-before\" data-recipe=\"8136\" data-servings=\"0\"><h3 class=\"wprm-recipe-header wprm-recipe-ingredients-header wprm-block-text-bold wprm-align-left wprm-header-decoration-none\" style=\"\">Ingredients<\/h3><div class=\"wprm-recipe-ingredient-group\"><ul class=\"wprm-recipe-ingredients\"><li class=\"wprm-recipe-ingredient\" style=\"list-style-type: disc;\" data-uid=\"-1\"><span class=\"wprm-recipe-ingredient-amount\">1<\/span>&#32;<span class=\"wprm-recipe-ingredient-unit\">cup of<\/span>&#32;<span class=\"wprm-recipe-ingredient-name\">avena <\/span><\/li><li class=\"wprm-recipe-ingredient\" style=\"list-style-type: disc;\" data-uid=\"-1\"><span class=\"wprm-recipe-ingredient-amount\">\u00bd<\/span>&#32;<span class=\"wprm-recipe-ingredient-unit\">cup of<\/span>&#32;<span class=\"wprm-recipe-ingredient-name\">k\u00e9fir de agua<\/span><\/li><li class=\"wprm-recipe-ingredient\" style=\"list-style-type: disc;\" data-uid=\"-1\"><span class=\"wprm-recipe-ingredient-amount\">\u00bd<\/span>&#32;<span class=\"wprm-recipe-ingredient-unit\">cup of <\/span>&#32;<span class=\"wprm-recipe-ingredient-name\">Plant-based milk<\/span>&#32;<span class=\"wprm-recipe-ingredient-notes wprm-recipe-ingredient-notes-faded\">yo us\u00e9 de almendras endulzada<\/span><\/li><li class=\"wprm-recipe-ingredient\" style=\"list-style-type: disc;\" data-uid=\"-1\"><span class=\"wprm-recipe-ingredient-name\">Un chorrito de extracto de vainilla<\/span>&#32;<span class=\"wprm-recipe-ingredient-notes wprm-recipe-ingredient-notes-faded\">opcional<\/span><\/li><li class=\"wprm-recipe-ingredient\" style=\"list-style-type: disc;\" data-uid=\"-1\"><span class=\"wprm-recipe-ingredient-name\">Una pizca de sal marina<\/span>&#32;<span class=\"wprm-recipe-ingredient-notes wprm-recipe-ingredient-notes-faded\">puede ser kala namak<\/span><\/li><\/ul><\/div><div class=\"wprm-recipe-ingredient-group\"><h4 class=\"wprm-recipe-group-name wprm-recipe-ingredient-group-name wprm-block-text-bold\">In addition<\/h4><ul class=\"wprm-recipe-ingredients\"><li class=\"wprm-recipe-ingredient\" style=\"list-style-type: disc;\" data-uid=\"-1\"><span class=\"wprm-recipe-ingredient-name\">Aceite de coco para cocinar<\/span><\/li><\/ul><\/div><\/div>\n    <\/div>\n    \n    <div class=\"wprm-ts-instructions\">\n        <div id=\"recipe-8136-instructions\" class=\"wprm-recipe-instructions-container wprm-recipe-8136-instructions-container wprm-block-text-normal\" data-recipe=\"8136\"><h3 class=\"wprm-recipe-header wprm-recipe-instructions-header wprm-block-text-bold wprm-align-left wprm-header-decoration-none\" style=\"\">Instructions<\/h3><div class=\"wprm-recipe-instruction-group\"><ul class=\"wprm-recipe-instructions\"><li id=\"wprm-recipe-8136-step-0-0\" class=\"wprm-recipe-instruction\" style=\"list-style-type: decimal;\"><div class=\"wprm-recipe-instruction-text\" style=\"margin-bottom: 20px;\"><span style=\"display: block;\">Colocar la avena en un recipiente y agregar el k\u00e9fir. Dejar fermentar toda la noche.<\/span><\/div><\/li><li id=\"wprm-recipe-8136-step-0-1\" class=\"wprm-recipe-instruction\" style=\"list-style-type: decimal;\"><div class=\"wprm-recipe-instruction-text\" style=\"margin-bottom: 20px;\"><span style=\"display: block;\">Colocar la avena fermentada en el baso de la licuadora y agregar el resto de los ingredientes. <\/span><\/div><\/li><li id=\"wprm-recipe-8136-step-0-2\" class=\"wprm-recipe-instruction\" style=\"list-style-type: decimal;\"><div class=\"wprm-recipe-instruction-text\" style=\"margin-bottom: 20px;\"><span style=\"display: block;\">Pulsar hasta lograr una mezcla homog\u00e9nea.<\/span><\/div><\/li><li id=\"wprm-recipe-8136-step-0-3\" class=\"wprm-recipe-instruction\" style=\"list-style-type: decimal;\"><div class=\"wprm-recipe-instruction-text\" style=\"margin-bottom: 20px;\"><span style=\"display: block;\">Calentar la panquequera y pincelar con aceite de coco.<\/span><\/div><\/li><li id=\"wprm-recipe-8136-step-0-4\" class=\"wprm-recipe-instruction\" style=\"list-style-type: decimal;\"><div class=\"wprm-recipe-instruction-text\" style=\"margin-bottom: 20px;\"><span style=\"display: block;\">Volcar la mitad de la preparaci\u00f3n, cuando se despegue de la base voltear y cocinar unos segundos m\u00e1s.<\/span><\/div><\/li><li id=\"wprm-recipe-8136-step-0-5\" class=\"wprm-recipe-instruction\" style=\"list-style-type: decimal;\"><div class=\"wprm-recipe-instruction-text\" style=\"margin-bottom: 20px;\"><span style=\"display: block;\">Repetir con el resto de la mezcla.<\/span><\/div><\/li><\/ul><\/div><\/div>\n        <div id=\"recipe-video\"><\/div>\n    <\/div>\n    \n    <div id=\"recipe-8136-notes\" class=\"wprm-recipe-notes-container wprm-block-text-normal\"><h3 class=\"wprm-recipe-header wprm-recipe-notes-header wprm-block-text-bold wprm-align-left wprm-header-decoration-none\" style=\"\">Notes<\/h3><div class=\"wprm-recipe-notes\"><span style=\"display: block;\">IMPORTANTE! Si us\u00e1s una avena gruesa, es probable que tengas que agregar m\u00e1s l\u00edquido, pod\u00e9s ir probando a medida que vas pulsando la licuadora. La mezcla debe quedar homog\u00e9nea y m\u00e1s bien espesa, pero no tanto!<\/span><div class=\"wprm-spacer\"><\/div>\n<span style=\"display: block;\">Salen 2 panqueques de 20 cm de di\u00e1metro, usando las cantidades de esta receta!<\/span><\/div><\/div>\n    \n    <div class=\"wprm-ts-meta\">\n        \n        \n        \n        <div class=\"wprm-recipe-meta-container wprm-recipe-tags-container wprm-recipe-details-container wprm-recipe-details-container-inline wprm-block-text-normal\"><div class=\"wprm-recipe-block-container wprm-recipe-block-container-inline wprm-block-text-normal wprm-recipe-tag-container wprm-recipe-course-container\" style=\"\"><span class=\"wprm-recipe-icon wprm-recipe-tag-icon wprm-recipe-course-icon\"><svg xmlns=\"http:\/\/www.w3.org\/2000\/svg\" xmlns:xlink=\"http:\/\/www.w3.org\/1999\/xlink\" x=\"0px\" y=\"0px\" width=\"16px\" height=\"16px\" viewbox=\"0 0 24 24\"><g ><path fill=\"#333333\" d=\"M22.707,12.293l-11-11C11.52,1.106,11.265,1,11,1H2C1.448,1,1,1.448,1,2v9c0,0.265,0.105,0.52,0.293,0.707l11,11C12.488,22.903,12.744,23,13,23s0.512-0.098,0.707-0.293l9-9C23.098,13.317,23.098,12.684,22.707,12.293z M7,9C5.895,9,5,8.105,5,7c0-1.105,0.895-2,2-2s2,0.895,2,2C9,8.105,8.105,9,7,9z M13,17.414L8.586,13L10,11.586L14.414,16L13,17.414z M16,14.414L11.586,10L13,8.586L17.414,13L16,14.414z\"\/><\/g><\/svg><\/span> <span class=\"wprm-recipe-details-label wprm-block-text-bold wprm-recipe-tag-label wprm-recipe-course-label\">Plato: <\/span><span class=\"wprm-recipe-course wprm-block-text-normal\">Sweets and desserts<\/span><\/div><\/div>\n    <\/div>\n    \n    \n<\/div><\/div><\/div>","protected":false},"excerpt":{"rendered":"<p>No s\u00e9 si han visto la viralidad que tuvieron en las redes estos panqueques de avena, la verdad han llamado mi atenci\u00f3n. &#8220;\u00bfC\u00f3mo con s\u00f3lo mezclar agua y avena iban a quedar ricos?&#8221; era mi pregunta. Entonces no me qued\u00f3 otra que probar! Quedan flexibles, no se parten, por lo que se pueden enrollar perfectamente &#8230;<\/p>","protected":false},"author":7,"featured_media":14843,"comment_status":"open","ping_status":"open","sticky":false,"template":"","format":"standard","meta":{"wprm-recipe-roundup-name":"","wprm-recipe-roundup-description":"","loftocean_post_primary_category":0,"loftocean_post_format_gallery":"","loftocean_post_format_gallery_ids":"","loftocean_post_format_gallery_urls":"","loftocean_post_format_video_id":0,"loftocean_post_format_video_url":"","loftocean_post_format_video_type":"","loftocean_post_format_video":"","loftocean_post_format_audio_type":"","loftocean_post_format_audio_url":"","loftocean_post_format_audio_id":0,"loftocean_post_format_audio":"","loftocean-featured-post":"","loftocean-like-count":1,"loftocean-view-count":967,"tinysalt_single_post_intro_label":"","tinysalt_single_post_intro_description":"","tinysalt_hide_post_featured_image":"","tinysalt_post_featured_media_position":"","tinysalt_single_site_header_source":"","tinysalt_single_custom_site_header":"0","tinysalt_single_custom_sticky_site_header":"0","tinysalt_single_custom_sticky_site_header_style":"sticky-scroll-up","tinysalt_single_site_footer_source":"","tinysalt_single_custom_site_footer":"0","footnotes":""},"categories":[315],"tags":[1875,1876],"class_list":["post-8133","post","type-post","status-publish","format-standard","has-post-thumbnail","hentry","category-recetas","tag-panqueques-de-avena","tag-panqueques-de-avena-fermentada"],"yoast_head":"<!-- This site is optimized with the Yoast SEO plugin v27.4 - https:\/\/yoast.com\/product\/yoast-seo-wordpress\/ -->\n<title>Panqueques de avena fermentada - Hola Vegan<\/title>\n<meta name=\"robots\" content=\"noindex, follow, max-snippet:-1, max-image-preview:large, max-video-preview:-1\" \/>\n<meta property=\"og:locale\" content=\"en_US\" \/>\n<meta property=\"og:type\" content=\"article\" \/>\n<meta property=\"og:title\" content=\"Panqueques de avena fermentada - Hola Vegan\" \/>\n<meta property=\"og:description\" content=\"No s\u00e9 si han visto la viralidad que tuvieron en las redes estos panqueques de avena, la verdad han llamado mi atenci\u00f3n. &#8220;\u00bfC\u00f3mo con s\u00f3lo mezclar agua y avena iban a quedar ricos?&#8221; era mi pregunta. Entonces no me qued\u00f3 otra que probar! Quedan flexibles, no se parten, por lo que se pueden enrollar perfectamente ...\" \/>\n<meta property=\"og:url\" content=\"https:\/\/holavegan.com\/en\/panqueques-de-avena-fermentada\/\" \/>\n<meta property=\"og:site_name\" content=\"Hola Vegan\" \/>\n<meta property=\"article:published_time\" content=\"2022-07-15T14:44:18+00:00\" \/>\n<meta property=\"article:modified_time\" content=\"2026-04-12T16:38:14+00:00\" \/>\n<meta property=\"og:image\" content=\"https:\/\/holavegan.com\/wp-content\/uploads\/2026\/04\/panqueques_avena_1.png\" \/>\n\t<meta property=\"og:image:width\" content=\"680\" \/>\n\t<meta property=\"og:image:height\" content=\"900\" \/>\n\t<meta property=\"og:image:type\" content=\"image\/png\" \/>\n<meta name=\"author\" content=\"sabrinaraffaelli\" \/>\n<meta name=\"twitter:card\" content=\"summary_large_image\" \/>\n<meta name=\"twitter:label1\" content=\"Written by\" \/>\n\t<meta name=\"twitter:data1\" content=\"sabrinaraffaelli\" \/>\n\t<meta name=\"twitter:label2\" content=\"Est. reading time\" \/>\n\t<meta name=\"twitter:data2\" content=\"2 minutes\" \/>\n<script type=\"application\/ld+json\" class=\"yoast-schema-graph\">{\"@context\":\"https:\\\/\\\/schema.org\",\"@graph\":[{\"@type\":\"Article\",\"@id\":\"https:\\\/\\\/holavegan.com\\\/panqueques-de-avena-fermentada\\\/#article\",\"isPartOf\":{\"@id\":\"https:\\\/\\\/holavegan.com\\\/panqueques-de-avena-fermentada\\\/\"},\"author\":{\"name\":\"sabrinaraffaelli\",\"@id\":\"https:\\\/\\\/holavegan.com\\\/en\\\/#\\\/schema\\\/person\\\/5599ad38a519bc801a36e6671e3e04dc\"},\"headline\":\"Panqueques de avena fermentada\",\"datePublished\":\"2022-07-15T14:44:18+00:00\",\"dateModified\":\"2026-04-12T16:38:14+00:00\",\"mainEntityOfPage\":{\"@id\":\"https:\\\/\\\/holavegan.com\\\/panqueques-de-avena-fermentada\\\/\"},\"wordCount\":517,\"commentCount\":0,\"publisher\":{\"@id\":\"https:\\\/\\\/holavegan.com\\\/en\\\/#organization\"},\"image\":{\"@id\":\"https:\\\/\\\/holavegan.com\\\/panqueques-de-avena-fermentada\\\/#primaryimage\"},\"thumbnailUrl\":\"https:\\\/\\\/holavegan.com\\\/wp-content\\\/uploads\\\/2026\\\/04\\\/panqueques_avena_1.png\",\"keywords\":[\"panqueques de avena\",\"panqueques de avena fermentada\"],\"articleSection\":[\"Recetas\"],\"inLanguage\":\"en-US\",\"potentialAction\":[{\"@type\":\"CommentAction\",\"name\":\"Comment\",\"target\":[\"https:\\\/\\\/holavegan.com\\\/panqueques-de-avena-fermentada\\\/#respond\"]}]},{\"@type\":\"WebPage\",\"@id\":\"https:\\\/\\\/holavegan.com\\\/panqueques-de-avena-fermentada\\\/\",\"url\":\"https:\\\/\\\/holavegan.com\\\/panqueques-de-avena-fermentada\\\/\",\"name\":\"Panqueques de avena fermentada - Hola Vegan\",\"isPartOf\":{\"@id\":\"https:\\\/\\\/holavegan.com\\\/en\\\/#website\"},\"primaryImageOfPage\":{\"@id\":\"https:\\\/\\\/holavegan.com\\\/panqueques-de-avena-fermentada\\\/#primaryimage\"},\"image\":{\"@id\":\"https:\\\/\\\/holavegan.com\\\/panqueques-de-avena-fermentada\\\/#primaryimage\"},\"thumbnailUrl\":\"https:\\\/\\\/holavegan.com\\\/wp-content\\\/uploads\\\/2026\\\/04\\\/panqueques_avena_1.png\",\"datePublished\":\"2022-07-15T14:44:18+00:00\",\"dateModified\":\"2026-04-12T16:38:14+00:00\",\"breadcrumb\":{\"@id\":\"https:\\\/\\\/holavegan.com\\\/panqueques-de-avena-fermentada\\\/#breadcrumb\"},\"inLanguage\":\"en-US\",\"potentialAction\":[{\"@type\":\"ReadAction\",\"target\":[\"https:\\\/\\\/holavegan.com\\\/panqueques-de-avena-fermentada\\\/\"]}]},{\"@type\":\"ImageObject\",\"inLanguage\":\"en-US\",\"@id\":\"https:\\\/\\\/holavegan.com\\\/panqueques-de-avena-fermentada\\\/#primaryimage\",\"url\":\"https:\\\/\\\/holavegan.com\\\/wp-content\\\/uploads\\\/2026\\\/04\\\/panqueques_avena_1.png\",\"contentUrl\":\"https:\\\/\\\/holavegan.com\\\/wp-content\\\/uploads\\\/2026\\\/04\\\/panqueques_avena_1.png\",\"width\":680,\"height\":900},{\"@type\":\"BreadcrumbList\",\"@id\":\"https:\\\/\\\/holavegan.com\\\/panqueques-de-avena-fermentada\\\/#breadcrumb\",\"itemListElement\":[{\"@type\":\"ListItem\",\"position\":1,\"name\":\"Home\",\"item\":\"https:\\\/\\\/holavegan.com\\\/en\\\/\"},{\"@type\":\"ListItem\",\"position\":2,\"name\":\"Panqueques de avena fermentada\"}]},{\"@type\":\"WebSite\",\"@id\":\"https:\\\/\\\/holavegan.com\\\/en\\\/#website\",\"url\":\"https:\\\/\\\/holavegan.com\\\/en\\\/\",\"name\":\"Hola Vegan\",\"description\":\"Un blog de las Veganas Hermanas\",\"publisher\":{\"@id\":\"https:\\\/\\\/holavegan.com\\\/en\\\/#organization\"},\"potentialAction\":[{\"@type\":\"SearchAction\",\"target\":{\"@type\":\"EntryPoint\",\"urlTemplate\":\"https:\\\/\\\/holavegan.com\\\/en\\\/?s={search_term_string}\"},\"query-input\":{\"@type\":\"PropertyValueSpecification\",\"valueRequired\":true,\"valueName\":\"search_term_string\"}}],\"inLanguage\":\"en-US\"},{\"@type\":\"Organization\",\"@id\":\"https:\\\/\\\/holavegan.com\\\/en\\\/#organization\",\"name\":\"Hola Vegan\",\"url\":\"https:\\\/\\\/holavegan.com\\\/en\\\/\",\"logo\":{\"@type\":\"ImageObject\",\"inLanguage\":\"en-US\",\"@id\":\"https:\\\/\\\/holavegan.com\\\/en\\\/#\\\/schema\\\/logo\\\/image\\\/\",\"url\":\"https:\\\/\\\/holavegan.com\\\/wp-content\\\/uploads\\\/2023\\\/03\\\/cropped-logo-h@2x-1-2.png\",\"contentUrl\":\"https:\\\/\\\/holavegan.com\\\/wp-content\\\/uploads\\\/2023\\\/03\\\/cropped-logo-h@2x-1-2.png\",\"width\":700,\"height\":200,\"caption\":\"Hola Vegan\"},\"image\":{\"@id\":\"https:\\\/\\\/holavegan.com\\\/en\\\/#\\\/schema\\\/logo\\\/image\\\/\"}},{\"@type\":\"Person\",\"@id\":\"https:\\\/\\\/holavegan.com\\\/en\\\/#\\\/schema\\\/person\\\/5599ad38a519bc801a36e6671e3e04dc\",\"name\":\"sabrinaraffaelli\",\"image\":{\"@type\":\"ImageObject\",\"inLanguage\":\"en-US\",\"@id\":\"https:\\\/\\\/secure.gravatar.com\\\/avatar\\\/503cd4bfde7227f986691b1d81cabf012784feb22e4a0161ffc2dc89d7bad6c0?s=96&d=mm&r=g\",\"url\":\"https:\\\/\\\/secure.gravatar.com\\\/avatar\\\/503cd4bfde7227f986691b1d81cabf012784feb22e4a0161ffc2dc89d7bad6c0?s=96&d=mm&r=g\",\"contentUrl\":\"https:\\\/\\\/secure.gravatar.com\\\/avatar\\\/503cd4bfde7227f986691b1d81cabf012784feb22e4a0161ffc2dc89d7bad6c0?s=96&d=mm&r=g\",\"caption\":\"sabrinaraffaelli\"},\"url\":\"https:\\\/\\\/holavegan.com\\\/en\\\/author\\\/sabrinaraffaelli\\\/\"}]}<\/script>\n<!-- \/ Yoast SEO plugin. -->","yoast_head_json":{"title":"Panqueques de avena fermentada - Hola Vegan","robots":{"index":"noindex","follow":"follow","max-snippet":"max-snippet:-1","max-image-preview":"max-image-preview:large","max-video-preview":"max-video-preview:-1"},"og_locale":"en_US","og_type":"article","og_title":"Panqueques de avena fermentada - Hola Vegan","og_description":"No s\u00e9 si han visto la viralidad que tuvieron en las redes estos panqueques de avena, la verdad han llamado mi atenci\u00f3n. &#8220;\u00bfC\u00f3mo con s\u00f3lo mezclar agua y avena iban a quedar ricos?&#8221; era mi pregunta. Entonces no me qued\u00f3 otra que probar! Quedan flexibles, no se parten, por lo que se pueden enrollar perfectamente ...","og_url":"https:\/\/holavegan.com\/en\/panqueques-de-avena-fermentada\/","og_site_name":"Hola Vegan","article_published_time":"2022-07-15T14:44:18+00:00","article_modified_time":"2026-04-12T16:38:14+00:00","og_image":[{"width":680,"height":900,"url":"https:\/\/holavegan.com\/wp-content\/uploads\/2026\/04\/panqueques_avena_1.png","type":"image\/png"}],"author":"sabrinaraffaelli","twitter_card":"summary_large_image","twitter_misc":{"Written by":"sabrinaraffaelli","Est. reading time":"2 minutes"},"schema":{"@context":"https:\/\/schema.org","@graph":[{"@type":"Article","@id":"https:\/\/holavegan.com\/panqueques-de-avena-fermentada\/#article","isPartOf":{"@id":"https:\/\/holavegan.com\/panqueques-de-avena-fermentada\/"},"author":{"name":"sabrinaraffaelli","@id":"https:\/\/holavegan.com\/en\/#\/schema\/person\/5599ad38a519bc801a36e6671e3e04dc"},"headline":"Panqueques de avena fermentada","datePublished":"2022-07-15T14:44:18+00:00","dateModified":"2026-04-12T16:38:14+00:00","mainEntityOfPage":{"@id":"https:\/\/holavegan.com\/panqueques-de-avena-fermentada\/"},"wordCount":517,"commentCount":0,"publisher":{"@id":"https:\/\/holavegan.com\/en\/#organization"},"image":{"@id":"https:\/\/holavegan.com\/panqueques-de-avena-fermentada\/#primaryimage"},"thumbnailUrl":"https:\/\/holavegan.com\/wp-content\/uploads\/2026\/04\/panqueques_avena_1.png","keywords":["panqueques de avena","panqueques de avena fermentada"],"articleSection":["Recetas"],"inLanguage":"en-US","potentialAction":[{"@type":"CommentAction","name":"Comment","target":["https:\/\/holavegan.com\/panqueques-de-avena-fermentada\/#respond"]}]},{"@type":"WebPage","@id":"https:\/\/holavegan.com\/panqueques-de-avena-fermentada\/","url":"https:\/\/holavegan.com\/panqueques-de-avena-fermentada\/","name":"Panqueques de avena fermentada - Hola Vegan","isPartOf":{"@id":"https:\/\/holavegan.com\/en\/#website"},"primaryImageOfPage":{"@id":"https:\/\/holavegan.com\/panqueques-de-avena-fermentada\/#primaryimage"},"image":{"@id":"https:\/\/holavegan.com\/panqueques-de-avena-fermentada\/#primaryimage"},"thumbnailUrl":"https:\/\/holavegan.com\/wp-content\/uploads\/2026\/04\/panqueques_avena_1.png","datePublished":"2022-07-15T14:44:18+00:00","dateModified":"2026-04-12T16:38:14+00:00","breadcrumb":{"@id":"https:\/\/holavegan.com\/panqueques-de-avena-fermentada\/#breadcrumb"},"inLanguage":"en-US","potentialAction":[{"@type":"ReadAction","target":["https:\/\/holavegan.com\/panqueques-de-avena-fermentada\/"]}]},{"@type":"ImageObject","inLanguage":"en-US","@id":"https:\/\/holavegan.com\/panqueques-de-avena-fermentada\/#primaryimage","url":"https:\/\/holavegan.com\/wp-content\/uploads\/2026\/04\/panqueques_avena_1.png","contentUrl":"https:\/\/holavegan.com\/wp-content\/uploads\/2026\/04\/panqueques_avena_1.png","width":680,"height":900},{"@type":"BreadcrumbList","@id":"https:\/\/holavegan.com\/panqueques-de-avena-fermentada\/#breadcrumb","itemListElement":[{"@type":"ListItem","position":1,"name":"Home","item":"https:\/\/holavegan.com\/en\/"},{"@type":"ListItem","position":2,"name":"Panqueques de avena fermentada"}]},{"@type":"WebSite","@id":"https:\/\/holavegan.com\/en\/#website","url":"https:\/\/holavegan.com\/en\/","name":"Hello Vegan","description":"Un blog de las Veganas Hermanas","publisher":{"@id":"https:\/\/holavegan.com\/en\/#organization"},"potentialAction":[{"@type":"SearchAction","target":{"@type":"EntryPoint","urlTemplate":"https:\/\/holavegan.com\/en\/?s={search_term_string}"},"query-input":{"@type":"PropertyValueSpecification","valueRequired":true,"valueName":"search_term_string"}}],"inLanguage":"en-US"},{"@type":"Organization","@id":"https:\/\/holavegan.com\/en\/#organization","name":"Hello Vegan","url":"https:\/\/holavegan.com\/en\/","logo":{"@type":"ImageObject","inLanguage":"en-US","@id":"https:\/\/holavegan.com\/en\/#\/schema\/logo\/image\/","url":"https:\/\/holavegan.com\/wp-content\/uploads\/2023\/03\/cropped-logo-h@2x-1-2.png","contentUrl":"https:\/\/holavegan.com\/wp-content\/uploads\/2023\/03\/cropped-logo-h@2x-1-2.png","width":700,"height":200,"caption":"Hola Vegan"},"image":{"@id":"https:\/\/holavegan.com\/en\/#\/schema\/logo\/image\/"}},{"@type":"Person","@id":"https:\/\/holavegan.com\/en\/#\/schema\/person\/5599ad38a519bc801a36e6671e3e04dc","name":"sabrinaraffaelli","image":{"@type":"ImageObject","inLanguage":"en-US","@id":"https:\/\/secure.gravatar.com\/avatar\/503cd4bfde7227f986691b1d81cabf012784feb22e4a0161ffc2dc89d7bad6c0?s=96&d=mm&r=g","url":"https:\/\/secure.gravatar.com\/avatar\/503cd4bfde7227f986691b1d81cabf012784feb22e4a0161ffc2dc89d7bad6c0?s=96&d=mm&r=g","contentUrl":"https:\/\/secure.gravatar.com\/avatar\/503cd4bfde7227f986691b1d81cabf012784feb22e4a0161ffc2dc89d7bad6c0?s=96&d=mm&r=g","caption":"sabrinaraffaelli"},"url":"https:\/\/holavegan.com\/en\/author\/sabrinaraffaelli\/"}]}},"featured_image_src":"https:\/\/holavegan.com\/wp-content\/uploads\/2026\/04\/panqueques_avena_1-600x400.png","featured_image_src_square":"https:\/\/holavegan.com\/wp-content\/uploads\/2026\/04\/panqueques_avena_1-600x600.png","author_info":{"display_name":"sabrinaraffaelli","author_link":"https:\/\/holavegan.com\/en\/author\/sabrinaraffaelli\/"},"_links":{"self":[{"href":"https:\/\/holavegan.com\/en\/wp-json\/wp\/v2\/posts\/8133","targetHints":{"allow":["GET"]}}],"collection":[{"href":"https:\/\/holavegan.com\/en\/wp-json\/wp\/v2\/posts"}],"about":[{"href":"https:\/\/holavegan.com\/en\/wp-json\/wp\/v2\/types\/post"}],"author":[{"embeddable":true,"href":"https:\/\/holavegan.com\/en\/wp-json\/wp\/v2\/users\/7"}],"replies":[{"embeddable":true,"href":"https:\/\/holavegan.com\/en\/wp-json\/wp\/v2\/comments?post=8133"}],"version-history":[{"count":0,"href":"https:\/\/holavegan.com\/en\/wp-json\/wp\/v2\/posts\/8133\/revisions"}],"wp:featuredmedia":[{"embeddable":true,"href":"https:\/\/holavegan.com\/en\/wp-json\/wp\/v2\/media\/14843"}],"wp:attachment":[{"href":"https:\/\/holavegan.com\/en\/wp-json\/wp\/v2\/media?parent=8133"}],"wp:term":[{"taxonomy":"category","embeddable":true,"href":"https:\/\/holavegan.com\/en\/wp-json\/wp\/v2\/categories?post=8133"},{"taxonomy":"post_tag","embeddable":true,"href":"https:\/\/holavegan.com\/en\/wp-json\/wp\/v2\/tags?post=8133"}],"curies":[{"name":"wp","href":"https:\/\/api.w.org\/{rel}","templated":true}]}}